{"id":53533,"date":"2020-09-09T10:36:51","date_gmt":"2020-09-09T15:36:51","guid":{"rendered":"http:\/\/globalnewsmexico.com\/sitio\/?p=53533"},"modified":"2020-09-09T10:37:02","modified_gmt":"2020-09-09T15:37:02","slug":"no-tengo-candidato-preferido-para-dirigente-de-morena-amlo","status":"publish","type":"post","link":"https:\/\/globalnewsmexico.com\/sitio\/no-tengo-candidato-preferido-para-dirigente-de-morena-amlo\/","title":{"rendered":"No tengo candidato preferido para dirigente de Morena: AMLO"},"content":{"rendered":"\n<p>El presidente Andr\u00e9s Manuel L\u00f3pez Obrador asegur\u00f3 que, ante las pr\u00f3ximas\u00a0elecciones para la dirigencia de Morena, no tiene un candidato favorito y, como jefe del Ejecutivo, no le corresponde inmiscuirse en asuntos partidistas, pero aplaude la muestra de democracia en las elecciones.<\/p>\n\n\n\n<p>Desde Palacio Nacional, el mandatario resalt\u00f3 que parte de la transformaci\u00f3n del pa\u00eds consisti\u00f3 en que el presidente no fungiera tambi\u00e9n como l\u00edder del partido, como se acostumbraba. Reiter\u00f3 que no se impondr\u00e1 candidatos, pues debe ser respetuoso de la independencia y la autonom\u00eda de los poderes y los partidos, aun cuando se trate del que \u00e9l mismo fund\u00f3.<\/p>\n\n\n\n<p>\u201cYo agradezco mucho a toda la gente que fund\u00f3 Morena con mucho esfuerzo, con mucho sacrificio, hicieron una labor heroica, fue una haza\u00f1a el hacer a un lado al r\u00e9gimen corrupto. Pero\u00a0no debo meterme en los asuntos internos de Morena y no tengo, desde luego, ni candidata ni candidato preferido, como era antes\u201d, declar\u00f3 en\u00a0la ma\u00f1anera.<\/p>\n\n\n\n<p>L\u00f3pez Obrador dijo que espera que exista democracia en todos los partidos, que no haya imposiciones y que sea el pueblo, en este caso los militantes del partido, quienes elijan a sus representantes. Record\u00f3 que su compromiso es con los ciudadanos, para que su voto sea respetado.<\/p>\n\n\n\n<p>El presidente manifest\u00f3 que es crucial que\u00a0no existan fraudes electorales; para lograrlo, dio a conocer que estar\u00e1\u00a0al pendiente de las pr\u00f3ximas elecciones, y pese al disgusto de muchos, se convertir\u00e1 en \u201cguardi\u00e1n de las libertades del pueblo\u201d. De esta forma, buscar\u00e1 que no se utilice el\u00a0dinero del presupuesto para la alteraci\u00f3n de actas\u00a0o cualquier pr\u00e1ctica electoral ilegal.<\/p>\n\n\n\n<p>\u201cYa eso pas\u00f3 a la historia,\u00a0el presidente no se mete en asuntos partidistas, no es jefe de partido, no es jefe de grupo, no es jefe de facci\u00f3n, es jefe de Estado\u201d, puntualiz\u00f3.<\/p>\n\n\n\n<p>Luego de cuatro d\u00edas de registro, 105 militantes de Morena formalizaron su intenci\u00f3n de participar en la renovaci\u00f3n de las dirigencias a trav\u00e9s de una encuesta,\u00a051 de ellos busca la presidencia del partido\u00a0y 54 la secretar\u00eda general.<\/p>\n\n\n\n<p>Los lineamientos del Instituto Nacional Electoral (INE) indican que\u00a0participar\u00e1n como m\u00e1ximo seis candidatos\u00a0para cada cargo, por lo que al haberse multiplicado los registros, se realizar\u00eda una segunda encuesta de reconocimiento, con el fin de dejar a los seis que tengan m\u00e1s aceptaci\u00f3n de la militancia.<\/p>\n\n\n\n<p>Ayer, Porfirio Mu\u00f1oz Ledo, Yeidckol Polevnsky y Gibr\u00e1n Ram\u00edrez acudieron al INE para formalizar su registro como aspirantes a dirigir Morena. En la contienda, tambi\u00e9n buscan competir por la presidencia Alejandro Rojas D\u00edaz Dur\u00e1n y Mario Mart\u00edn Delgado Carrillo.<\/p>\n\n\n\n<p>Fuente: Milenio<\/p>\n","protected":false},"excerpt":{"rendered":"<p>El presidente Andr\u00e9s Manuel L\u00f3pez Obrador asegur\u00f3 que, ante las pr\u00f3ximas\u00a0elecciones para la dirigencia de Morena, no tiene un candidato favorito y, como jefe del Ejecutivo, no le corresponde inmiscuirse en asuntos partidistas, pero aplaude la muestra de democracia en las elecciones. Desde Palacio Nacional, el mandatario resalt\u00f3 que parte de la transformaci\u00f3n del pa\u00eds<a class=\"read-more\" href=\"https:\/\/globalnewsmexico.com\/sitio\/no-tengo-candidato-preferido-para-dirigente-de-morena-amlo\/\">Leer m\u00e1s<\/a><\/p>\n","protected":false},"author":5,"featured_media":53534,"comment_status":"closed","ping_status":"open","sticky":false,"template":"","format":"standard","meta":{"spay_email":"","footnotes":""},"categories":[37,8,40,52],"tags":[],"jetpack_featured_media_url":"https:\/\/i0.wp.com\/globalnewsmexico.com\/sitio\/wp-content\/uploads\/2020\/09\/lopez-obrador-mananera-septiembre-palacio_0_0_1200_747.jpg?fit=958%2C596&ssl=1","jetpack_sharing_enabled":true,"jetpack_shortlink":"https:\/\/wp.me\/p9yqPL-dVr","jetpack_likes_enabled":true,"_links":{"self":[{"href":"https:\/\/globalnewsmexico.com\/sitio\/wp-json\/wp\/v2\/posts\/53533"}],"collection":[{"href":"https:\/\/globalnewsmexico.com\/sitio\/wp-json\/wp\/v2\/posts"}],"about":[{"href":"https:\/\/globalnewsmexico.com\/sitio\/wp-json\/wp\/v2\/types\/post"}],"author":[{"embeddable":true,"href":"https:\/\/globalnewsmexico.com\/sitio\/wp-json\/wp\/v2\/users\/5"}],"replies":[{"embeddable":true,"href":"https:\/\/globalnewsmexico.com\/sitio\/wp-json\/wp\/v2\/comments?post=53533"}],"version-history":[{"count":0,"href":"https:\/\/globalnewsmexico.com\/sitio\/wp-json\/wp\/v2\/posts\/53533\/revisions"}],"wp:featuredmedia":[{"embeddable":true,"href":"https:\/\/globalnewsmexico.com\/sitio\/wp-json\/wp\/v2\/media\/53534"}],"wp:attachment":[{"href":"https:\/\/globalnewsmexico.com\/sitio\/wp-json\/wp\/v2\/media?parent=53533"}],"wp:term":[{"taxonomy":"category","embeddable":true,"href":"https:\/\/globalnewsmexico.com\/sitio\/wp-json\/wp\/v2\/categories?post=53533"},{"taxonomy":"post_tag","embeddable":true,"href":"https:\/\/globalnewsmexico.com\/sitio\/wp-json\/wp\/v2\/tags?post=53533"}],"curies":[{"name":"wp","href":"https:\/\/api.w.org\/{rel}","templated":true}]}}