{"id":53590,"date":"2020-09-10T10:05:46","date_gmt":"2020-09-10T15:05:46","guid":{"rendered":"http:\/\/globalnewsmexico.com\/sitio\/?p=53590"},"modified":"2020-09-10T10:05:51","modified_gmt":"2020-09-10T15:05:51","slug":"vacuna-contra-covid-19-estaria-lista-a-finales-de-ano-astrazeneca","status":"publish","type":"post","link":"https:\/\/globalnewsmexico.com\/sitio\/vacuna-contra-covid-19-estaria-lista-a-finales-de-ano-astrazeneca\/","title":{"rendered":"Vacuna contra Covid-19 estar\u00eda lista a finales de a\u00f1o: AstraZeneca"},"content":{"rendered":"\n<p>El director ejecutivo de AstraZeneca, Pascal Soriot, se\u00f1al\u00f3\u00a0que la\u00a0vacuna contra el Covid-19 podr\u00eda estar lista antes de fin de a\u00f1o, luego de que los ensayos fueron suspendidos por un\u00a0posible problema neurol\u00f3gico grave en uno de los participantes.<\/p>\n\n\n\n<p>\u00abTodav\u00eda podr\u00edamos tener una vacuna para finales de este a\u00f1o o principios del pr\u00f3ximo\u201d, dijo Soriot, en una conferencia en l\u00ednea.<\/p>\n\n\n\n<p>\u00abLo que tenemos aqu\u00ed es un conjunto especial de circunstancias en las que el mundo entero se involucra en la realizaci\u00f3n de un ensayo cl\u00ednico\u00bb, agreg\u00f3.<\/p>\n\n\n\n<p>La decisi\u00f3n de reanudar el estudio est\u00e1 en\u00a0un grupo de expertos independientes, que trabajan para comprender si la enfermedad del paciente fue una coincidencia o un resultado de la vacuna.<\/p>\n\n\n\n<p>Fuente: Agencias<\/p>\n","protected":false},"excerpt":{"rendered":"<p>El director ejecutivo de AstraZeneca, Pascal Soriot, se\u00f1al\u00f3\u00a0que la\u00a0vacuna contra el Covid-19 podr\u00eda estar lista antes de fin de a\u00f1o, luego de que los ensayos fueron suspendidos por un\u00a0posible problema neurol\u00f3gico grave en uno de los participantes. \u00abTodav\u00eda podr\u00edamos tener una vacuna para finales de este a\u00f1o o principios del pr\u00f3ximo\u201d, dijo Soriot, en una<a class=\"read-more\" href=\"https:\/\/globalnewsmexico.com\/sitio\/vacuna-contra-covid-19-estaria-lista-a-finales-de-ano-astrazeneca\/\">Leer m\u00e1s<\/a><\/p>\n","protected":false},"author":5,"featured_media":53591,"comment_status":"closed","ping_status":"open","sticky":false,"template":"","format":"standard","meta":{"spay_email":"","footnotes":""},"categories":[37,8,48,52],"tags":[],"jetpack_featured_media_url":"https:\/\/i0.wp.com\/globalnewsmexico.com\/sitio\/wp-content\/uploads\/2020\/09\/1120485.jpg?fit=1024%2C655&ssl=1","jetpack_sharing_enabled":true,"jetpack_shortlink":"https:\/\/wp.me\/p9yqPL-dWm","jetpack_likes_enabled":true,"_links":{"self":[{"href":"https:\/\/globalnewsmexico.com\/sitio\/wp-json\/wp\/v2\/posts\/53590"}],"collection":[{"href":"https:\/\/globalnewsmexico.com\/sitio\/wp-json\/wp\/v2\/posts"}],"about":[{"href":"https:\/\/globalnewsmexico.com\/sitio\/wp-json\/wp\/v2\/types\/post"}],"author":[{"embeddable":true,"href":"https:\/\/globalnewsmexico.com\/sitio\/wp-json\/wp\/v2\/users\/5"}],"replies":[{"embeddable":true,"href":"https:\/\/globalnewsmexico.com\/sitio\/wp-json\/wp\/v2\/comments?post=53590"}],"version-history":[{"count":0,"href":"https:\/\/globalnewsmexico.com\/sitio\/wp-json\/wp\/v2\/posts\/53590\/revisions"}],"wp:featuredmedia":[{"embeddable":true,"href":"https:\/\/globalnewsmexico.com\/sitio\/wp-json\/wp\/v2\/media\/53591"}],"wp:attachment":[{"href":"https:\/\/globalnewsmexico.com\/sitio\/wp-json\/wp\/v2\/media?parent=53590"}],"wp:term":[{"taxonomy":"category","embeddable":true,"href":"https:\/\/globalnewsmexico.com\/sitio\/wp-json\/wp\/v2\/categories?post=53590"},{"taxonomy":"post_tag","embeddable":true,"href":"https:\/\/globalnewsmexico.com\/sitio\/wp-json\/wp\/v2\/tags?post=53590"}],"curies":[{"name":"wp","href":"https:\/\/api.w.org\/{rel}","templated":true}]}}