{"id":53617,"date":"2020-09-10T14:22:36","date_gmt":"2020-09-10T19:22:36","guid":{"rendered":"http:\/\/globalnewsmexico.com\/sitio\/?p=53617"},"modified":"2020-09-10T14:22:39","modified_gmt":"2020-09-10T19:22:39","slug":"activistas-en-cndh-piden-crear-fiscalias-feministas-y-refugios-rosario-piedra-acepta-pliego","status":"publish","type":"post","link":"https:\/\/globalnewsmexico.com\/sitio\/activistas-en-cndh-piden-crear-fiscalias-feministas-y-refugios-rosario-piedra-acepta-pliego\/","title":{"rendered":"Activistas en CNDH piden crear fiscal\u00edas feministas y refugios; Rosario Piedra acepta pliego"},"content":{"rendered":"\n<p>La organizaci\u00f3n\u00a0Ni Una Menos M\u00e9xico, uno de los grupos que mantienen\u00a0tomada la sede de la Comisi\u00f3n Nacional de Derechos Humanos\u00a0(CNDH), solicit\u00f3 al organismo la creaci\u00f3n de fiscal\u00edas feministas y refugios a nivel nacional, para atender todos\u00a0casos de violencia de g\u00e9nero, con personal especializado en el tema.<\/p>\n\n\n\n<p>Las activistas realizaron la petici\u00f3n en un pliego petitorio, de 11 puntos y 36 aclaraciones, el cual\u00a0fue aceptado por la titular de la CNDH,\u00a0Rosario Piedra Ibarra.<\/p>\n\n\n\n<p>En un comunicado, el organismo coincidi\u00f3 en\u00a0impulsar la creaci\u00f3n de instancias especializadas en atenci\u00f3n a mujeres, as\u00ed como\u00a0espacios dignos\u00a0para familias v\u00edctimas de violencia.<\/p>\n\n\n\n<p>\u00abLa CNDH se compromete a seguir impulsando la creaci\u00f3n de instancias especializadas de atenci\u00f3n de mujeres agredidas, v\u00edctimas del delito y de personas desaparecidas en las Fiscal\u00edas y organismos p\u00fablicos de protecci\u00f3n de Derechos Humanos.<\/p>\n\n\n\n<p>Este organismo coadyuvar\u00e1 en las gestiones necesarias a fin de que las personas v\u00edctimas del delito y de violaciones a derechos humanos cuenten con un espacio digno para albergar a las familias v\u00edctimas del delito de la violencia de g\u00e9nero y feminicida\u00bb, indic\u00f3 en el documento.<\/p>\n\n\n\n<p>Asimismo, asegur\u00f3 que\u00a0no habr\u00e1 represalias ni denuncias en contra de las manifestantes\u00a0que mantienen tomada la sede del organismo, ubicada en el Centro Hist\u00f3rico de la Ciudad de M\u00e9xico, y reiter\u00f3 su disponibilidad al di\u00e1logo.<\/p>\n\n\n\n<p>Entre las 11 peticiones de la\u00a0organizaci\u00f3n\u00a0Ni Una Menos, tambi\u00e9n est\u00e1 la\u00a0actualizaci\u00f3n del protocolo\u00a0de actuaci\u00f3n a casos de\u00a0violencia contra menores de edad y que las\u00a0v\u00edctimas tengan un \u00f3ptimo proceso\u00a0para reparar los da\u00f1os.<\/p>\n\n\n\n<p>Tambi\u00e9n, que los agresores de menores de edad sean condenados y se publiquen las\u00a0cifras de ni\u00f1os y j\u00f3venes v\u00edctimas de abuso sexual, cu\u00e1ntos casos llevan un debido proceso de atenci\u00f3n y la destituci\u00f3n de jueces, fiscales y magistrados que hayan sido se\u00f1alados por pedofilia o pederastia.<\/p>\n\n\n\n<p>En el documento publicado en redes sociales, solicitan un protocolo de g\u00e9nero en la contrataci\u00f3n del personal polic\u00edaco de cualquier nivel y que la CNDH gestione y haga entrega de un espacio para albergar a las familias v\u00edctimas de cualquier caso de violencia de g\u00e9nero, as\u00ed como un centro de acopio para recibir apoyos en especie.&nbsp;<\/p>\n\n\n\n<p>Adem\u00e1s de hacer un pronunciamiento p\u00fablico y por escrito, de que no habr\u00e1 ning\u00fan tipo de represalias para las mujeres en la toma de las instalaciones y que garanticen ser mediador para que las instancias correspondientes cumplan con los pliegos petitorios ya entregados.<\/p>\n\n\n\n<p>Finalmente, hicieron un llamado a que m\u00e1s organizaciones de derechos humanos agreguen m\u00e1s peticiones a los pliegos petitorios y que las autoridades del pa\u00eds \u00absean m\u00e1s conscientes y emp\u00e1ticos\u00bb ante la violencia de g\u00e9nero.<\/p>\n\n\n\n<p>Fuente: Milenio<\/p>\n","protected":false},"excerpt":{"rendered":"<p>La organizaci\u00f3n\u00a0Ni Una Menos M\u00e9xico, uno de los grupos que mantienen\u00a0tomada la sede de la Comisi\u00f3n Nacional de Derechos Humanos\u00a0(CNDH), solicit\u00f3 al organismo la creaci\u00f3n de fiscal\u00edas feministas y refugios a nivel nacional, para atender todos\u00a0casos de violencia de g\u00e9nero, con personal especializado en el tema. Las activistas realizaron la petici\u00f3n en un pliego petitorio,<a class=\"read-more\" href=\"https:\/\/globalnewsmexico.com\/sitio\/activistas-en-cndh-piden-crear-fiscalias-feministas-y-refugios-rosario-piedra-acepta-pliego\/\">Leer m\u00e1s<\/a><\/p>\n","protected":false},"author":5,"featured_media":53618,"comment_status":"closed","ping_status":"open","sticky":false,"template":"","format":"standard","meta":{"spay_email":"","footnotes":""},"categories":[37,8,49,52],"tags":[],"jetpack_featured_media_url":"https:\/\/i2.wp.com\/globalnewsmexico.com\/sitio\/wp-content\/uploads\/2020\/09\/organizacion-pidio-crear-fiscalia-femenina_0_0_1200_747.jpeg?fit=958%2C596&ssl=1","jetpack_sharing_enabled":true,"jetpack_shortlink":"https:\/\/wp.me\/p9yqPL-dWN","jetpack_likes_enabled":true,"_links":{"self":[{"href":"https:\/\/globalnewsmexico.com\/sitio\/wp-json\/wp\/v2\/posts\/53617"}],"collection":[{"href":"https:\/\/globalnewsmexico.com\/sitio\/wp-json\/wp\/v2\/posts"}],"about":[{"href":"https:\/\/globalnewsmexico.com\/sitio\/wp-json\/wp\/v2\/types\/post"}],"author":[{"embeddable":true,"href":"https:\/\/globalnewsmexico.com\/sitio\/wp-json\/wp\/v2\/users\/5"}],"replies":[{"embeddable":true,"href":"https:\/\/globalnewsmexico.com\/sitio\/wp-json\/wp\/v2\/comments?post=53617"}],"version-history":[{"count":0,"href":"https:\/\/globalnewsmexico.com\/sitio\/wp-json\/wp\/v2\/posts\/53617\/revisions"}],"wp:featuredmedia":[{"embeddable":true,"href":"https:\/\/globalnewsmexico.com\/sitio\/wp-json\/wp\/v2\/media\/53618"}],"wp:attachment":[{"href":"https:\/\/globalnewsmexico.com\/sitio\/wp-json\/wp\/v2\/media?parent=53617"}],"wp:term":[{"taxonomy":"category","embeddable":true,"href":"https:\/\/globalnewsmexico.com\/sitio\/wp-json\/wp\/v2\/categories?post=53617"},{"taxonomy":"post_tag","embeddable":true,"href":"https:\/\/globalnewsmexico.com\/sitio\/wp-json\/wp\/v2\/tags?post=53617"}],"curies":[{"name":"wp","href":"https:\/\/api.w.org\/{rel}","templated":true}]}}