{"id":53619,"date":"2020-09-10T14:30:01","date_gmt":"2020-09-10T19:30:01","guid":{"rendered":"http:\/\/globalnewsmexico.com\/sitio\/?p=53619"},"modified":"2020-09-10T14:30:05","modified_gmt":"2020-09-10T19:30:05","slug":"salma-jalife-renuncia-a-la-secretaria-de-comunicaciones-y-transportes","status":"publish","type":"post","link":"https:\/\/globalnewsmexico.com\/sitio\/salma-jalife-renuncia-a-la-secretaria-de-comunicaciones-y-transportes\/","title":{"rendered":"Salma Jalife renuncia a la Secretar\u00eda de Comunicaciones y Transportes"},"content":{"rendered":"\n<p>Salma Jalife, quien se desempe\u00f1aba como subsecretaria de Comunicaciones y Desarrollo Tecnol\u00f3gico de la Secretar\u00eda de Comunicaciones y Transportes (SCT),\u00a0renunci\u00f3 tras la eliminaci\u00f3n de la unidad a su cargo, confirmaron fuentes allegadas.<\/p>\n\n\n\n<p>Jorge Arganis, nuevo titular de la SCT, anunci\u00f3 recientemente la\u00a0desaparici\u00f3n de la Subsecretar\u00eda de Comunicaciones y Desarrollo Tecnol\u00f3gico\u00a0debido a\u00a0 una reestructuraci\u00f3n; sin embargo, aclar\u00f3 que las funciones de la misma ser\u00edan repartidas entre las distintas \u00e1reas de la dependencia.<\/p>\n\n\n\n<p>\u201cTenemos una reestructuraci\u00f3n, la Subsecretar\u00eda de Comunicaciones va a desaparecer, la oficina, pero no las funciones, esas se van a tener que reacomodar\u201d, dijo el funcionario que ocup\u00f3 el cargo tras la renuncia de Javier Jim\u00e9nez Espri\u00fa.<\/p>\n\n\n\n<p>Fuente: Milenio<\/p>\n","protected":false},"excerpt":{"rendered":"<p>Salma Jalife, quien se desempe\u00f1aba como subsecretaria de Comunicaciones y Desarrollo Tecnol\u00f3gico de la Secretar\u00eda de Comunicaciones y Transportes (SCT),\u00a0renunci\u00f3 tras la eliminaci\u00f3n de la unidad a su cargo, confirmaron fuentes allegadas. Jorge Arganis, nuevo titular de la SCT, anunci\u00f3 recientemente la\u00a0desaparici\u00f3n de la Subsecretar\u00eda de Comunicaciones y Desarrollo Tecnol\u00f3gico\u00a0debido a\u00a0 una reestructuraci\u00f3n; sin embargo,<a class=\"read-more\" href=\"https:\/\/globalnewsmexico.com\/sitio\/salma-jalife-renuncia-a-la-secretaria-de-comunicaciones-y-transportes\/\">Leer m\u00e1s<\/a><\/p>\n","protected":false},"author":5,"featured_media":53620,"comment_status":"closed","ping_status":"open","sticky":false,"template":"","format":"standard","meta":{"spay_email":"","footnotes":""},"categories":[37,8,49,52],"tags":[],"jetpack_featured_media_url":"https:\/\/i2.wp.com\/globalnewsmexico.com\/sitio\/wp-content\/uploads\/2020\/09\/salma-jalife-subsecretaria-tecnologias-comunicacion_61_0_1158_719.jpg?fit=958%2C596&ssl=1","jetpack_sharing_enabled":true,"jetpack_shortlink":"https:\/\/wp.me\/p9yqPL-dWP","jetpack_likes_enabled":true,"_links":{"self":[{"href":"https:\/\/globalnewsmexico.com\/sitio\/wp-json\/wp\/v2\/posts\/53619"}],"collection":[{"href":"https:\/\/globalnewsmexico.com\/sitio\/wp-json\/wp\/v2\/posts"}],"about":[{"href":"https:\/\/globalnewsmexico.com\/sitio\/wp-json\/wp\/v2\/types\/post"}],"author":[{"embeddable":true,"href":"https:\/\/globalnewsmexico.com\/sitio\/wp-json\/wp\/v2\/users\/5"}],"replies":[{"embeddable":true,"href":"https:\/\/globalnewsmexico.com\/sitio\/wp-json\/wp\/v2\/comments?post=53619"}],"version-history":[{"count":0,"href":"https:\/\/globalnewsmexico.com\/sitio\/wp-json\/wp\/v2\/posts\/53619\/revisions"}],"wp:featuredmedia":[{"embeddable":true,"href":"https:\/\/globalnewsmexico.com\/sitio\/wp-json\/wp\/v2\/media\/53620"}],"wp:attachment":[{"href":"https:\/\/globalnewsmexico.com\/sitio\/wp-json\/wp\/v2\/media?parent=53619"}],"wp:term":[{"taxonomy":"category","embeddable":true,"href":"https:\/\/globalnewsmexico.com\/sitio\/wp-json\/wp\/v2\/categories?post=53619"},{"taxonomy":"post_tag","embeddable":true,"href":"https:\/\/globalnewsmexico.com\/sitio\/wp-json\/wp\/v2\/tags?post=53619"}],"curies":[{"name":"wp","href":"https:\/\/api.w.org\/{rel}","templated":true}]}}