{"id":53657,"date":"2020-09-11T10:02:50","date_gmt":"2020-09-11T15:02:50","guid":{"rendered":"http:\/\/globalnewsmexico.com\/sitio\/?p=53657"},"modified":"2020-09-11T10:03:02","modified_gmt":"2020-09-11T15:03:02","slug":"choques-con-la-policia-en-bogota-dejan-10-muertos","status":"publish","type":"post","link":"https:\/\/globalnewsmexico.com\/sitio\/choques-con-la-policia-en-bogota-dejan-10-muertos\/","title":{"rendered":"Choques con la polic\u00eda en Bogot\u00e1 dejan 10 muertos"},"content":{"rendered":"\n<p>Al menos 10 personas murieron -en su mayor\u00eda j\u00f3venes que fueron baleados- y cientos m\u00e1s fueron heridas tras las protestas contra la violencia policial que estremecieron Bogot\u00e1, Colombia.<\/p>\n\n\n\n<p>Los choques y disturbios estallaron en rechazo a la agresi\u00f3n de los uniformados contra Javier Ord\u00f3\u00f1ez, un abogado de 43 a\u00f1os que falleci\u00f3 luego de recibir en el suelo repetidas descargas con un arma el\u00e9ctrica, en circunstancias que est\u00e1n en investigaci\u00f3n.<\/p>\n\n\n\n<p>Ayer, la alcaldesa de Bogot\u00e1, Claudia L\u00f3pez, opositora del gobierno nacional, denunci\u00f3 que la polic\u00eda hizo un \u201cuso indiscriminado\u201d\u00a0de la fuerza y las armas de fuego.<\/p>\n\n\n\n<p>\u201c\u00bfQu\u00e9 clase de entrenamiento reciben para tener esa respuesta absolutamente desproporcionada ante una protesta?\u201d, cuestion\u00f3 L\u00f3pez.<\/p>\n\n\n\n<p>En varios puntos de la capital colombiana murieron siete j\u00f3venes entre los 18 y 27 a\u00f1os por heridas de bala, precis\u00f3 la autoridad. Tambi\u00e9n en el vecino municipio de Soacha fallecieron tres personas.<\/p>\n\n\n\n<p>La jornada dej\u00f3 adem\u00e1s 175 civiles heridos, 66 por arma de fuego, y decenas de puestos de polic\u00eda destruidos, adem\u00e1s de veh\u00edculos de servicio p\u00fablico da\u00f1ados, seg\u00fan la alcald\u00eda. Entre los uniformados se cuentan 147 lesionados.<\/p>\n\n\n\n<p>Claudia L\u00f3pez remarc\u00f3 que una violencia as\u00ed no se registraba ni \u201cen un combate en las peores \u00e9pocas del conflicto armado en Colombia\u201d.<\/p>\n\n\n\n<p>La Comisi\u00f3n Interamericana de Derechos Humanos, un \u00f3rgano de la OEA, conden\u00f3 \u201cenf\u00e1ticamente los casos de brutalidad y abuso policial\u201d.<\/p>\n\n\n\n<p>El gobierno nacional report\u00f3 temprano 70 detenidos en las protestas que se extendieron a otras ciudades, como Medell\u00edn y Cali.<\/p>\n\n\n\n<p>Anoche se realizaron nuevas manifestaciones en Bogot\u00e1, cuya seguridad fue reforzada con mil 600 polic\u00edas y 300 militares.<\/p>\n\n\n\n<p>Fuente: Agencias<\/p>\n","protected":false},"excerpt":{"rendered":"<p>Al menos 10 personas murieron -en su mayor\u00eda j\u00f3venes que fueron baleados- y cientos m\u00e1s fueron heridas tras las protestas contra la violencia policial que estremecieron Bogot\u00e1, Colombia. Los choques y disturbios estallaron en rechazo a la agresi\u00f3n de los uniformados contra Javier Ord\u00f3\u00f1ez, un abogado de 43 a\u00f1os que falleci\u00f3 luego de recibir en<a class=\"read-more\" href=\"https:\/\/globalnewsmexico.com\/sitio\/choques-con-la-policia-en-bogota-dejan-10-muertos\/\">Leer m\u00e1s<\/a><\/p>\n","protected":false},"author":5,"featured_media":53658,"comment_status":"closed","ping_status":"open","sticky":false,"template":"","format":"standard","meta":{"spay_email":"","footnotes":""},"categories":[37,8,48,52],"tags":[],"jetpack_featured_media_url":"https:\/\/i0.wp.com\/globalnewsmexico.com\/sitio\/wp-content\/uploads\/2020\/09\/bogota-soldados-colombianos-realizan-patrullajes_0_1_1024_636.jpg?fit=958%2C596&ssl=1","jetpack_sharing_enabled":true,"jetpack_shortlink":"https:\/\/wp.me\/p9yqPL-dXr","jetpack_likes_enabled":true,"_links":{"self":[{"href":"https:\/\/globalnewsmexico.com\/sitio\/wp-json\/wp\/v2\/posts\/53657"}],"collection":[{"href":"https:\/\/globalnewsmexico.com\/sitio\/wp-json\/wp\/v2\/posts"}],"about":[{"href":"https:\/\/globalnewsmexico.com\/sitio\/wp-json\/wp\/v2\/types\/post"}],"author":[{"embeddable":true,"href":"https:\/\/globalnewsmexico.com\/sitio\/wp-json\/wp\/v2\/users\/5"}],"replies":[{"embeddable":true,"href":"https:\/\/globalnewsmexico.com\/sitio\/wp-json\/wp\/v2\/comments?post=53657"}],"version-history":[{"count":0,"href":"https:\/\/globalnewsmexico.com\/sitio\/wp-json\/wp\/v2\/posts\/53657\/revisions"}],"wp:featuredmedia":[{"embeddable":true,"href":"https:\/\/globalnewsmexico.com\/sitio\/wp-json\/wp\/v2\/media\/53658"}],"wp:attachment":[{"href":"https:\/\/globalnewsmexico.com\/sitio\/wp-json\/wp\/v2\/media?parent=53657"}],"wp:term":[{"taxonomy":"category","embeddable":true,"href":"https:\/\/globalnewsmexico.com\/sitio\/wp-json\/wp\/v2\/categories?post=53657"},{"taxonomy":"post_tag","embeddable":true,"href":"https:\/\/globalnewsmexico.com\/sitio\/wp-json\/wp\/v2\/tags?post=53657"}],"curies":[{"name":"wp","href":"https:\/\/api.w.org\/{rel}","templated":true}]}}