{"id":53669,"date":"2020-09-11T12:20:59","date_gmt":"2020-09-11T17:20:59","guid":{"rendered":"http:\/\/globalnewsmexico.com\/sitio\/?p=53669"},"modified":"2020-09-11T12:21:23","modified_gmt":"2020-09-11T17:21:23","slug":"amlo-exhibe-a-politicos-presuntamente-ligados-a-protestas-por-agua-en-chihuahua","status":"publish","type":"post","link":"https:\/\/globalnewsmexico.com\/sitio\/amlo-exhibe-a-politicos-presuntamente-ligados-a-protestas-por-agua-en-chihuahua\/","title":{"rendered":"AMLO exhibe a pol\u00edticos presuntamente ligados a protestas por agua en Chihuahua"},"content":{"rendered":"\n<p>El presidente\u00a0Andr\u00e9s Manuel L\u00f3pez Obrador\u00a0dijo que hay\u00a017 exfuncionarios, exgobernadores, diputados y alcaldes, en su mayor\u00eda del\u00a0Partido Acci\u00f3n Nacional\u00a0(PAN), relacionados con las\u00a0protestas en las presas de Chihuahua, que tienen\u00a0fines pol\u00edticos, electorales y econ\u00f3micos.<\/p>\n\n\n\n<p>En su conferencia de prensa ma\u00f1anera, el presidente explic\u00f3 que en el estado se cultiva nogal, lo que requiere un\u00a0gran consumo de agua, lo que ha generado\u00a0cuestionamientos.<\/p>\n\n\n\n<p>\u00abMiren lo que est\u00e1 en el fondo, adem\u00e1s de que estamos hablando de agricultores muy pr\u00f3speros, de empresas de una clara asociaci\u00f3n de lo econ\u00f3mico con lo pol\u00edtico. Todos vinculados con el agua.<\/p>\n\n\n\n<p>Ah\u00ed hay entre otras actividades agr\u00edcolas, se cultiva mucho el nogal, hay igual que en La Laguna cuestionamientos por el excesivo consumo de agua. Esto es lo que estamos enfrentando, los due\u00f1os del agua\u00bb, afirm\u00f3.<\/p>\n\n\n\n<h3 class=\"wp-block-heading\">\u00bfQu\u00e9 funcionarios est\u00e1n relacionados, seg\u00fan AMLO?<\/h3>\n\n\n\n<ul><li><strong>Andr\u00e9s Valles Valles:\u00a0<\/strong>presidente del m\u00f3dulo 4DR 005.<\/li><li><strong>Jos\u00e9 Francisco Ram\u00edrez Lic\u00f3n:\u00a0<\/strong>presidente del m\u00f3dulo 5DR 005 y alcalde de Rosales.<\/li><li><strong>Agust\u00edn Jaime Ram\u00edrez Lic\u00f3n:<\/strong>\u00a0militante activo PAN.<\/li><li><strong>Salvador \u00c1lcantara Ortega:\u00a0<\/strong>presidente de AURECH, l\u00edder del movimiento de productores y agricultores en el estado<\/li><li><strong>Mario Mata Carrasco:\u00a0<\/strong>diputado federal del PAN, exalcalde de Delicias 2010-2013. Apoy\u00f3 a C\u00e9sar Duarte en su campa\u00f1a electoral y es expresidente de la Junta Municipal de Aguas y Saneamiento de 2016 a 2018. Fue acusado de autorizar un proyecto inmobiliario de 700 mdd con lago privado, cuando fue alcalde de Delicias.<\/li><li><strong>Jes\u00fas Valenciano Garc\u00eda: d<\/strong>iputado local del PAN, exregidor de Delicias, exparticular de Mario Mata y dio ultim\u00e1tum de 24 horas a la Guardia Nacional para retirarse de las presas.\u00a0<\/li><li><strong>Jorge Aldana Aguilar:<\/strong>\u00a0presidente del m\u00f3dulo 1 de AGUA RODADA DR113 y nogalero.<\/li><li><strong>Velia Aguilar Armendariz:<\/strong>\u00a0diputada federal del PAN en 2009 y mam\u00e1 de Jorge Aldana.<\/li><li><strong>\u00c1lvaro Madero Mu\u00f1oz:\u00a0<\/strong>familiar de Gustavo Madero; tiene tierras en los m\u00f3dulos 3 y 4 en el m\u00f3dulo DR 005 (nogales y alfalfa), y su familia tiene contacto directo con los directivos del m\u00f3dulo.<\/li><li><strong>Eliseo Compe\u00e1n Fern\u00e1ndez:<\/strong>\u00a0alcalde de Delicias; encabez\u00f3 el contingente en la 66 Batall\u00f3n de Infanter\u00eda, ante el ataque de campesinos el 8 de septiembre; y es opositor en el tema del agua en el estado.<\/li><li><strong>Arturo Zubia Fern\u00e1ndez:\u00a0<\/strong>alcalde de Camargo<\/li><li><strong>Ismael P\u00e9rez Parvia:\u00a0<\/strong>alcalde de Meoquil, junto con Arturo Zubia apoya al movimiento de agricultores.<\/li><li><strong>Jaime Ram\u00edrez Carrasco:\u00a0<\/strong>alcalde de San Francisco de Conchos; opositor de la apertura de las presas, principalmente de la Boquilla, apoya el movimiento de agricultores en el estado.<\/li><li><strong>Fernando Baeza Melendez:\u00a0<\/strong>exgobernador de Chihuahua (1986-1992); se\u00f1alado por corrupci\u00f3n cuando era embajador en Costa Rica.<\/li><li><strong>Jos\u00e9 Reyes Baeza Terrazas:<\/strong>\u00a0exgobernador de Chihuahua (2004-2019). Es usuario de los m\u00f3dulos 1 y 2 del DR 005; tiene contacto directo con representantes del m\u00f3dulo y es investigado por la Fiscal\u00eda General de la Rep\u00fablica por nexos con el c\u00e1rtel de Ju\u00e1rez.<\/li><li><strong>H\u00e9ctor Baeza Terrazas:<\/strong>\u00a0exalcalde de Delicias (2001- 2004); expresidente de la Junta Municipal de Agua y Saneamiento con C\u00e9sar Duarte.<\/li><li><strong>C\u00e9sar Duarte:\u00a0<\/strong>exgobernador de Chihuahua (2010 a 2016); detenido por peculado en Estados Unidos y construy\u00f3 una presa en uno de sus seis ranchos, con varios pozos en sus propiedades.<\/li><\/ul>\n\n\n\n<p>Sin embargo, L\u00f3pez Obrador coment\u00f3 que no descarta que en las protestas tambi\u00e9n participe gente preocupada por el abasto de agua en la regi\u00f3n.<\/p>\n\n\n\n<p>Reiter\u00f3 que la poblaci\u00f3n est\u00e1 en su derecho de manifestarse, pero pidi\u00f3 que de hacerlo, sean protestas pac\u00edficas y que \u00abno se dejen manipular porque los que encabezan este movimiento\u00bb.<\/p>\n\n\n\n<p>\u00abOjal\u00e1 y la gente tenga toda la informaci\u00f3n que no se dejen manipular porque lo que sucedi\u00f3 antier el d\u00eda del enfrentamiento y la toma de la presa que es una instalaci\u00f3n federal evidentemente tuvo que ver un movimiento pol\u00edtico y con un acarreo.<\/p>\n\n\n\n<p>No descarto que haya gente preocupada que de pueden quedar sin agua agricultores que tienen el leg\u00edtimo derecho de defender el agua pero hay manifestaciones por ejemplo del presidente municipal de Parral, que se suma\u00bb, mencion\u00f3 el Presidente, desde Palacio Nacional.<\/p>\n\n\n\n<p>Fuente: Milenio<\/p>\n","protected":false},"excerpt":{"rendered":"<p>El presidente\u00a0Andr\u00e9s Manuel L\u00f3pez Obrador\u00a0dijo que hay\u00a017 exfuncionarios, exgobernadores, diputados y alcaldes, en su mayor\u00eda del\u00a0Partido Acci\u00f3n Nacional\u00a0(PAN), relacionados con las\u00a0protestas en las presas de Chihuahua, que tienen\u00a0fines pol\u00edticos, electorales y econ\u00f3micos. En su conferencia de prensa ma\u00f1anera, el presidente explic\u00f3 que en el estado se cultiva nogal, lo que requiere un\u00a0gran consumo de agua,<a class=\"read-more\" href=\"https:\/\/globalnewsmexico.com\/sitio\/amlo-exhibe-a-politicos-presuntamente-ligados-a-protestas-por-agua-en-chihuahua\/\">Leer m\u00e1s<\/a><\/p>\n","protected":false},"author":5,"featured_media":53670,"comment_status":"closed","ping_status":"open","sticky":false,"template":"","format":"standard","meta":{"spay_email":"","footnotes":""},"categories":[37,8,39,52],"tags":[],"jetpack_featured_media_url":"https:\/\/i1.wp.com\/globalnewsmexico.com\/sitio\/wp-content\/uploads\/2020\/09\/amlo-politicos-ligados-protestas-chihuahua_0_20_941_585.jpeg?fit=958%2C596&ssl=1","jetpack_sharing_enabled":true,"jetpack_shortlink":"https:\/\/wp.me\/p9yqPL-dXD","jetpack_likes_enabled":true,"_links":{"self":[{"href":"https:\/\/globalnewsmexico.com\/sitio\/wp-json\/wp\/v2\/posts\/53669"}],"collection":[{"href":"https:\/\/globalnewsmexico.com\/sitio\/wp-json\/wp\/v2\/posts"}],"about":[{"href":"https:\/\/globalnewsmexico.com\/sitio\/wp-json\/wp\/v2\/types\/post"}],"author":[{"embeddable":true,"href":"https:\/\/globalnewsmexico.com\/sitio\/wp-json\/wp\/v2\/users\/5"}],"replies":[{"embeddable":true,"href":"https:\/\/globalnewsmexico.com\/sitio\/wp-json\/wp\/v2\/comments?post=53669"}],"version-history":[{"count":0,"href":"https:\/\/globalnewsmexico.com\/sitio\/wp-json\/wp\/v2\/posts\/53669\/revisions"}],"wp:featuredmedia":[{"embeddable":true,"href":"https:\/\/globalnewsmexico.com\/sitio\/wp-json\/wp\/v2\/media\/53670"}],"wp:attachment":[{"href":"https:\/\/globalnewsmexico.com\/sitio\/wp-json\/wp\/v2\/media?parent=53669"}],"wp:term":[{"taxonomy":"category","embeddable":true,"href":"https:\/\/globalnewsmexico.com\/sitio\/wp-json\/wp\/v2\/categories?post=53669"},{"taxonomy":"post_tag","embeddable":true,"href":"https:\/\/globalnewsmexico.com\/sitio\/wp-json\/wp\/v2\/tags?post=53669"}],"curies":[{"name":"wp","href":"https:\/\/api.w.org\/{rel}","templated":true}]}}