{"id":53683,"date":"2020-09-11T14:50:32","date_gmt":"2020-09-11T19:50:32","guid":{"rendered":"http:\/\/globalnewsmexico.com\/sitio\/?p=53683"},"modified":"2020-09-11T14:52:40","modified_gmt":"2020-09-11T19:52:40","slug":"en-la-ceapp-no-hay-piso-parejo-para-todos-los-comunicadores-diputado","status":"publish","type":"post","link":"https:\/\/globalnewsmexico.com\/sitio\/en-la-ceapp-no-hay-piso-parejo-para-todos-los-comunicadores-diputado\/","title":{"rendered":"En la Ceapp no hay piso parejo para todos los comunicadores: diputado"},"content":{"rendered":"\n<p>El secretario de la comisi\u00f3n de Atenci\u00f3n a Periodistas del Congreso local, el morenista Augusto Nah\u00fam \u00c1lvarez Pellico, denunci\u00f3 que en la Comisi\u00f3n Estatal de Atenci\u00f3n y Protecci\u00f3n a Periodistas (Ceapp) \u00abno hay piso parejo para todos los comunicadores y eso lo saben todos\u00bb.<\/p>\n\n\n\n<p>Debido a ello, adelant\u00f3 modificaciones en ese organismo.<\/p>\n\n\n\n<p>\u00abVamos a hacer una modificaci\u00f3n a la Ceapp, entendemos que hay algunas lagunas y vamos a trabajar en ellas. Por ejemplo, uno de los temas es que no hay piso parejo para los periodistas y eso lo saben todos los comunicadores del estado\u00bb.<\/p>\n\n\n\n<p>En esa t\u00f3nica, se\u00f1al\u00f3 que \u00absolo a algunos comunicadores se les da atenci\u00f3n y lo que buscamos es que sea en general\u00bb.<\/p>\n\n\n\n<p>Otro de los puntos es la distribuci\u00f3n de los comisionados en la Ceapp.<\/p>\n\n\n\n<p>En cuanto al reciente homicidio del comunicador Julio Valdivia, el legislador morenista pidi\u00f3 a la Fiscal\u00eda general del Estado que no quede impune este caso.<\/p>\n\n\n\n<p>\u00abNosotros tenemos el reporte de que no contaba con protecci\u00f3n, obviamente porque no se hab\u00eda acercado, pero nosotros condenamos estos hechos violentos que se han vivido. De ah\u00ed que vamos a exigir a la fiscal Ver\u00f3nica Hern\u00e1ndez Giad\u00e1ns, que realice su trabajo y no se deje suelta ninguna l\u00ednea de investigaci\u00f3n, y se castigue a los responsables, porque en este gobierno de la cuarta transformaci\u00f3n no se va a permitir absolutamente a nadie que quiera coartar la libertad de expresi\u00f3n en Veracruz\u00bb.<\/p>\n","protected":false},"excerpt":{"rendered":"<p>El secretario de la comisi\u00f3n de Atenci\u00f3n a Periodistas del Congreso local, el morenista Augusto Nah\u00fam \u00c1lvarez Pellico, denunci\u00f3 que en la Comisi\u00f3n Estatal de Atenci\u00f3n y Protecci\u00f3n a Periodistas (Ceapp) \u00abno hay piso parejo para todos los comunicadores y eso lo saben todos\u00bb. Debido a ello, adelant\u00f3 modificaciones en ese organismo. \u00abVamos a hacer<a class=\"read-more\" href=\"https:\/\/globalnewsmexico.com\/sitio\/en-la-ceapp-no-hay-piso-parejo-para-todos-los-comunicadores-diputado\/\">Leer m\u00e1s<\/a><\/p>\n","protected":false},"author":5,"featured_media":53685,"comment_status":"closed","ping_status":"open","sticky":false,"template":"","format":"standard","meta":{"spay_email":"","footnotes":""},"categories":[37,8,50,52],"tags":[],"jetpack_featured_media_url":"https:\/\/i0.wp.com\/globalnewsmexico.com\/sitio\/wp-content\/uploads\/2020\/09\/634ece10-63f4-48c4-9160-4cc52836717a.jpg?fit=1040%2C727&ssl=1","jetpack_sharing_enabled":true,"jetpack_shortlink":"https:\/\/wp.me\/p9yqPL-dXR","jetpack_likes_enabled":true,"_links":{"self":[{"href":"https:\/\/globalnewsmexico.com\/sitio\/wp-json\/wp\/v2\/posts\/53683"}],"collection":[{"href":"https:\/\/globalnewsmexico.com\/sitio\/wp-json\/wp\/v2\/posts"}],"about":[{"href":"https:\/\/globalnewsmexico.com\/sitio\/wp-json\/wp\/v2\/types\/post"}],"author":[{"embeddable":true,"href":"https:\/\/globalnewsmexico.com\/sitio\/wp-json\/wp\/v2\/users\/5"}],"replies":[{"embeddable":true,"href":"https:\/\/globalnewsmexico.com\/sitio\/wp-json\/wp\/v2\/comments?post=53683"}],"version-history":[{"count":0,"href":"https:\/\/globalnewsmexico.com\/sitio\/wp-json\/wp\/v2\/posts\/53683\/revisions"}],"wp:featuredmedia":[{"embeddable":true,"href":"https:\/\/globalnewsmexico.com\/sitio\/wp-json\/wp\/v2\/media\/53685"}],"wp:attachment":[{"href":"https:\/\/globalnewsmexico.com\/sitio\/wp-json\/wp\/v2\/media?parent=53683"}],"wp:term":[{"taxonomy":"category","embeddable":true,"href":"https:\/\/globalnewsmexico.com\/sitio\/wp-json\/wp\/v2\/categories?post=53683"},{"taxonomy":"post_tag","embeddable":true,"href":"https:\/\/globalnewsmexico.com\/sitio\/wp-json\/wp\/v2\/tags?post=53683"}],"curies":[{"name":"wp","href":"https:\/\/api.w.org\/{rel}","templated":true}]}}