{"id":53744,"date":"2020-09-12T14:55:33","date_gmt":"2020-09-12T19:55:33","guid":{"rendered":"http:\/\/globalnewsmexico.com\/sitio\/?p=53744"},"modified":"2020-09-12T14:55:42","modified_gmt":"2020-09-12T19:55:42","slug":"concluyen-en-cordoba-inscripciones-de-segunda-etapa-del-pet-contigo-en-tu-colonia","status":"publish","type":"post","link":"https:\/\/globalnewsmexico.com\/sitio\/concluyen-en-cordoba-inscripciones-de-segunda-etapa-del-pet-contigo-en-tu-colonia\/","title":{"rendered":"Concluyen en C\u00f3rdoba inscripciones de segunda etapa del PET &#8216;Contigo en tu colonia&#8217;"},"content":{"rendered":"\n<p>Gerardo Francisco Garc\u00eda Montero, director de Desarrollo Econ\u00f3mico, inform\u00f3 que este viernes 11 de septiembre cerr\u00f3 la convocatoria para aspirantes a las plazas eventuales que ofrece el Ayuntamiento de C\u00f3rdoba, en el marco de la segunda etapa del programa de empleo temporal &#8216;Contigo en tu colonia&#8217;.<\/p>\n\n\n\n<p>Adelant\u00f3 que este lunes 14 de septiembre se publicar\u00e1n lista de beneficiarios, y posteriormente, la Direcci\u00f3n de Recursos Humanos iniciar\u00e1 el contacto con los seleccionados para explicarles el proceso de contrataci\u00f3n que se seguir\u00e1 de conformidad con la convocatoria.<\/p>\n\n\n\n<p>Garc\u00eda Montero explic\u00f3 que durante el proceso algunos aspirantes no completaron la documentaci\u00f3n requerida, por lo que no pudieron ser seleccionados. Indic\u00f3 que las personas que no aparezcan en el listado de beneficiarios pueden comunicarse al n\u00famero telef\u00f3nico 2717121106 para pedir mayores informes sobre su solicitud.<\/p>\n\n\n\n<p>Explic\u00f3 que las y los beneficiarios de las plazas eventuales de la segunda etapa del PET Contigo en tu Colonia recibir\u00e1n un sueldo mensual dispersado en dos quincenas, adem\u00e1s de seguridad social, durante el tiempo que dure su contrato con el Ayuntamiento de C\u00f3rdoba.<\/p>\n\n\n\n<p>Apunt\u00f3 que las personas que ingresen al PET realizar\u00e1n trabajos de chapeo, poda de \u00e1rboles, barrido de calles y pintado de guarniciones en diversas colonias del municipio como parte de las acciones de mejoramiento de la imagen urbana de la ciudad.<\/p>\n","protected":false},"excerpt":{"rendered":"<p>Gerardo Francisco Garc\u00eda Montero, director de Desarrollo Econ\u00f3mico, inform\u00f3 que este viernes 11 de septiembre cerr\u00f3 la convocatoria para aspirantes a las plazas eventuales que ofrece el Ayuntamiento de C\u00f3rdoba, en el marco de la segunda etapa del programa de empleo temporal &#8216;Contigo en tu colonia&#8217;. Adelant\u00f3 que este lunes 14 de septiembre se publicar\u00e1n<a class=\"read-more\" href=\"https:\/\/globalnewsmexico.com\/sitio\/concluyen-en-cordoba-inscripciones-de-segunda-etapa-del-pet-contigo-en-tu-colonia\/\">Leer m\u00e1s<\/a><\/p>\n","protected":false},"author":5,"featured_media":53745,"comment_status":"closed","ping_status":"open","sticky":false,"template":"","format":"standard","meta":{"spay_email":"","footnotes":""},"categories":[37,8,50,52],"tags":[],"jetpack_featured_media_url":"https:\/\/i2.wp.com\/globalnewsmexico.com\/sitio\/wp-content\/uploads\/2020\/09\/b8fac2c5-19df-4585-b864-2c194e4003fb.jpg?fit=1040%2C693&ssl=1","jetpack_sharing_enabled":true,"jetpack_shortlink":"https:\/\/wp.me\/p9yqPL-dYQ","jetpack_likes_enabled":true,"_links":{"self":[{"href":"https:\/\/globalnewsmexico.com\/sitio\/wp-json\/wp\/v2\/posts\/53744"}],"collection":[{"href":"https:\/\/globalnewsmexico.com\/sitio\/wp-json\/wp\/v2\/posts"}],"about":[{"href":"https:\/\/globalnewsmexico.com\/sitio\/wp-json\/wp\/v2\/types\/post"}],"author":[{"embeddable":true,"href":"https:\/\/globalnewsmexico.com\/sitio\/wp-json\/wp\/v2\/users\/5"}],"replies":[{"embeddable":true,"href":"https:\/\/globalnewsmexico.com\/sitio\/wp-json\/wp\/v2\/comments?post=53744"}],"version-history":[{"count":0,"href":"https:\/\/globalnewsmexico.com\/sitio\/wp-json\/wp\/v2\/posts\/53744\/revisions"}],"wp:featuredmedia":[{"embeddable":true,"href":"https:\/\/globalnewsmexico.com\/sitio\/wp-json\/wp\/v2\/media\/53745"}],"wp:attachment":[{"href":"https:\/\/globalnewsmexico.com\/sitio\/wp-json\/wp\/v2\/media?parent=53744"}],"wp:term":[{"taxonomy":"category","embeddable":true,"href":"https:\/\/globalnewsmexico.com\/sitio\/wp-json\/wp\/v2\/categories?post=53744"},{"taxonomy":"post_tag","embeddable":true,"href":"https:\/\/globalnewsmexico.com\/sitio\/wp-json\/wp\/v2\/tags?post=53744"}],"curies":[{"name":"wp","href":"https:\/\/api.w.org\/{rel}","templated":true}]}}