{"id":53818,"date":"2020-09-15T10:15:41","date_gmt":"2020-09-15T15:15:41","guid":{"rendered":"http:\/\/globalnewsmexico.com\/sitio\/?p=53818"},"modified":"2020-09-15T10:15:44","modified_gmt":"2020-09-15T15:15:44","slug":"mexico-en-tramites-para-ser-de-los-primeros-en-tener-vacuna-contra-covid-19","status":"publish","type":"post","link":"https:\/\/globalnewsmexico.com\/sitio\/mexico-en-tramites-para-ser-de-los-primeros-en-tener-vacuna-contra-covid-19\/","title":{"rendered":"M\u00e9xico, en tr\u00e1mites para ser de los primeros en tener vacuna contra Covid-19"},"content":{"rendered":"\n<p>El Gobierno federal ya se encuentra en gestiones para adquirir la vacuna contra el coronavirus Covid-19, de forma que M\u00e9xico ser\u00eda de los primeros pa\u00edses en obtenerla, asegur\u00f3 el presidente\u00a0Andr\u00e9s Manuel L\u00f3pez Obrador.<\/p>\n\n\n\n<p>Aunque dijo no poder dar m\u00e1s detalles, el presidente mencion\u00f3 en La Ma\u00f1anera que el Gobierno ya tiene acuerdos para obtener la vacuna una vez que haya pasado los ensayos cl\u00ednicos e inspecciones requeridas.<\/p>\n\n\n\n<p>\u00abNo podemos dar m\u00e1s informaci\u00f3n, porque es un asunto que amerita discreci\u00f3n, (pero) ya hay acuerdos con ese prop\u00f3sito\u00bb, dijo.<\/p>\n\n\n\n<p>Asimismo, L\u00f3pez Obrador asever\u00f3 que ya se cuenta con los recursos financieros necesarios para garantizar el acceso gratuito y universal a la vacuna a todos los mexicanos.<\/p>\n\n\n\n<p>\u00abLo mas importante es que ya contamos con dinero para que, una vez que ya tengamos la vacuna, se garantice ese derecho, que sean vacunados los mexicanos y que sea gratuita\u00bb, explic\u00f3.<\/p>\n\n\n\n<p>Fuente: Milenio<\/p>\n","protected":false},"excerpt":{"rendered":"<p>El Gobierno federal ya se encuentra en gestiones para adquirir la vacuna contra el coronavirus Covid-19, de forma que M\u00e9xico ser\u00eda de los primeros pa\u00edses en obtenerla, asegur\u00f3 el presidente\u00a0Andr\u00e9s Manuel L\u00f3pez Obrador. Aunque dijo no poder dar m\u00e1s detalles, el presidente mencion\u00f3 en La Ma\u00f1anera que el Gobierno ya tiene acuerdos para obtener la<a class=\"read-more\" href=\"https:\/\/globalnewsmexico.com\/sitio\/mexico-en-tramites-para-ser-de-los-primeros-en-tener-vacuna-contra-covid-19\/\">Leer m\u00e1s<\/a><\/p>\n","protected":false},"author":5,"featured_media":53819,"comment_status":"closed","ping_status":"open","sticky":false,"template":"","format":"standard","meta":{"spay_email":"","footnotes":""},"categories":[37,8,39,52],"tags":[],"jetpack_featured_media_url":"https:\/\/i0.wp.com\/globalnewsmexico.com\/sitio\/wp-content\/uploads\/2020\/09\/vacuna__covid_astrazeneca_reuters.jpg_554688468.jpg?fit=1040%2C585&ssl=1","jetpack_sharing_enabled":true,"jetpack_shortlink":"https:\/\/wp.me\/p9yqPL-e02","jetpack_likes_enabled":true,"_links":{"self":[{"href":"https:\/\/globalnewsmexico.com\/sitio\/wp-json\/wp\/v2\/posts\/53818"}],"collection":[{"href":"https:\/\/globalnewsmexico.com\/sitio\/wp-json\/wp\/v2\/posts"}],"about":[{"href":"https:\/\/globalnewsmexico.com\/sitio\/wp-json\/wp\/v2\/types\/post"}],"author":[{"embeddable":true,"href":"https:\/\/globalnewsmexico.com\/sitio\/wp-json\/wp\/v2\/users\/5"}],"replies":[{"embeddable":true,"href":"https:\/\/globalnewsmexico.com\/sitio\/wp-json\/wp\/v2\/comments?post=53818"}],"version-history":[{"count":0,"href":"https:\/\/globalnewsmexico.com\/sitio\/wp-json\/wp\/v2\/posts\/53818\/revisions"}],"wp:featuredmedia":[{"embeddable":true,"href":"https:\/\/globalnewsmexico.com\/sitio\/wp-json\/wp\/v2\/media\/53819"}],"wp:attachment":[{"href":"https:\/\/globalnewsmexico.com\/sitio\/wp-json\/wp\/v2\/media?parent=53818"}],"wp:term":[{"taxonomy":"category","embeddable":true,"href":"https:\/\/globalnewsmexico.com\/sitio\/wp-json\/wp\/v2\/categories?post=53818"},{"taxonomy":"post_tag","embeddable":true,"href":"https:\/\/globalnewsmexico.com\/sitio\/wp-json\/wp\/v2\/tags?post=53818"}],"curies":[{"name":"wp","href":"https:\/\/api.w.org\/{rel}","templated":true}]}}