{"id":53835,"date":"2020-09-15T13:03:47","date_gmt":"2020-09-15T18:03:47","guid":{"rendered":"http:\/\/globalnewsmexico.com\/sitio\/?p=53835"},"modified":"2020-09-15T13:03:57","modified_gmt":"2020-09-15T18:03:57","slug":"senado-recibe-solicitud-de-amlo-sobre-consulta-de-juicio-a-expresidentes","status":"publish","type":"post","link":"https:\/\/globalnewsmexico.com\/sitio\/senado-recibe-solicitud-de-amlo-sobre-consulta-de-juicio-a-expresidentes\/","title":{"rendered":"Senado recibe solicitud de AMLO sobre consulta de juicio a expresidentes"},"content":{"rendered":"\n<p>El consejero jur\u00eddico de la Presidencia, Julio Scherer,\u00a0entreg\u00f3 al Senado de la Rep\u00fablica la solicitud\u00a0para realizar una consulta con el fin de\u00a0enjuiciar a los expresidentes de M\u00e9xico.<\/p>\n\n\n\n<p>De acuerdo con la ley de consulta popular y el art\u00edculo 26, cuando la solicitud se haga por parte del Ejecutivo, el Senado, como C\u00e1mara de origen, debe turnarlo de inmediato a la Suprema Corte de Justicia de la Naci\u00f3n (SCJN), seg\u00fan inform\u00f3 el coordinador de Morena, Ricardo Monreal.<\/p>\n\n\n\n<p>Explic\u00f3 que la Suprema Corte tendr\u00e1 20 d\u00edas naturales para la resoluci\u00f3n y permitir la realizaci\u00f3n, o no, de la consulta. Asimismo,\u00a0tendr\u00e1 24 horas para notificar al Senado si el procedimiento continuar\u00e1.<\/p>\n\n\n\n<p>\u201cEn este momento va a ingresar formalmente el documento p\u00fablico y\u00a0hoy anunciamos la sustanciaci\u00f3n del procedimiento\u201d, dijo el senador.<\/p>\n\n\n\n<p>Durante su conferencia ma\u00f1anera, el presidente Andr\u00e9s Manuel L\u00f3pez Obrador\u00a0firm\u00f3 un escrito para solicitar al Senado\u00a0la realizaci\u00f3n de una consulta, con la que se busca enjuiciar a expresidentes, y destac\u00f3 que los ciudadanos que est\u00e1n recolectando firmas para este proceso han juntado cerca de 2 millones de estas.<\/p>\n\n\n\n<p>Fuente: Milenio<\/p>\n","protected":false},"excerpt":{"rendered":"<p>El consejero jur\u00eddico de la Presidencia, Julio Scherer,\u00a0entreg\u00f3 al Senado de la Rep\u00fablica la solicitud\u00a0para realizar una consulta con el fin de\u00a0enjuiciar a los expresidentes de M\u00e9xico. De acuerdo con la ley de consulta popular y el art\u00edculo 26, cuando la solicitud se haga por parte del Ejecutivo, el Senado, como C\u00e1mara de origen, debe<a class=\"read-more\" href=\"https:\/\/globalnewsmexico.com\/sitio\/senado-recibe-solicitud-de-amlo-sobre-consulta-de-juicio-a-expresidentes\/\">Leer m\u00e1s<\/a><\/p>\n","protected":false},"author":5,"featured_media":53836,"comment_status":"closed","ping_status":"open","sticky":false,"template":"","format":"standard","meta":{"spay_email":"","footnotes":""},"categories":[37,8,49,52],"tags":[],"jetpack_featured_media_url":"https:\/\/i0.wp.com\/globalnewsmexico.com\/sitio\/wp-content\/uploads\/2020\/09\/entregada-solicitud-dependera-corte-decidir.jpg?fit=958%2C596&ssl=1","jetpack_sharing_enabled":true,"jetpack_shortlink":"https:\/\/wp.me\/p9yqPL-e0j","jetpack_likes_enabled":true,"_links":{"self":[{"href":"https:\/\/globalnewsmexico.com\/sitio\/wp-json\/wp\/v2\/posts\/53835"}],"collection":[{"href":"https:\/\/globalnewsmexico.com\/sitio\/wp-json\/wp\/v2\/posts"}],"about":[{"href":"https:\/\/globalnewsmexico.com\/sitio\/wp-json\/wp\/v2\/types\/post"}],"author":[{"embeddable":true,"href":"https:\/\/globalnewsmexico.com\/sitio\/wp-json\/wp\/v2\/users\/5"}],"replies":[{"embeddable":true,"href":"https:\/\/globalnewsmexico.com\/sitio\/wp-json\/wp\/v2\/comments?post=53835"}],"version-history":[{"count":0,"href":"https:\/\/globalnewsmexico.com\/sitio\/wp-json\/wp\/v2\/posts\/53835\/revisions"}],"wp:featuredmedia":[{"embeddable":true,"href":"https:\/\/globalnewsmexico.com\/sitio\/wp-json\/wp\/v2\/media\/53836"}],"wp:attachment":[{"href":"https:\/\/globalnewsmexico.com\/sitio\/wp-json\/wp\/v2\/media?parent=53835"}],"wp:term":[{"taxonomy":"category","embeddable":true,"href":"https:\/\/globalnewsmexico.com\/sitio\/wp-json\/wp\/v2\/categories?post=53835"},{"taxonomy":"post_tag","embeddable":true,"href":"https:\/\/globalnewsmexico.com\/sitio\/wp-json\/wp\/v2\/tags?post=53835"}],"curies":[{"name":"wp","href":"https:\/\/api.w.org\/{rel}","templated":true}]}}