{"id":53853,"date":"2020-09-15T15:11:37","date_gmt":"2020-09-15T20:11:37","guid":{"rendered":"http:\/\/globalnewsmexico.com\/sitio\/?p=53853"},"modified":"2020-09-15T15:11:41","modified_gmt":"2020-09-15T20:11:41","slug":"el-71-de-los-mexicanos-desea-que-siga-como-presidente-amlo","status":"publish","type":"post","link":"https:\/\/globalnewsmexico.com\/sitio\/el-71-de-los-mexicanos-desea-que-siga-como-presidente-amlo\/","title":{"rendered":"El 71 % de los mexicanos desea que siga como presidente: AMLO"},"content":{"rendered":"\n<p>El presidente Andr\u00e9s Manuel L\u00f3pez Obrador afirm\u00f3 que seg\u00fan una encuesta realizada este fin de semana, 71 por ciento de los mexicanos desean que contin\u00fae en el cargo, y asegur\u00f3 que la gente le grita en las calles que \u00abno ceda ante los corruptos\u00bb.<\/p>\n\n\n\n<p>En conferencia de prensa, el titular del Ejecutivo federal\u00a0inform\u00f3 que a la par de que \u00e9l subi\u00f3 un punto en la encuesta, la oposici\u00f3n a que siga en el cargo tambi\u00e9n tuvo un alza de un punto.<\/p>\n\n\n\n<p>\u201cNo es para presumir, pero en la \u00faltima encuesta de este fin de semana, a la pregunta de &#8216;\u00bfquiere que contin\u00fae o que renuncie el presidente?&#8217; traigo 71 por ciento de que contin\u00fae. Sub\u00ed un punto, pero tambi\u00e9n la oposici\u00f3n subi\u00f3 un punto, porque era 70-25, ahora es 71-26. Ah\u00ed la llevamos, poco a poco.<\/p>\n\n\n\n<p>Esto significa que la gente quiere, adem\u00e1s me lo dicen, me lo gritan en la calle. No ceda ante los corruptos, respaldo. Lo que dec\u00eda el presidente Benito Ju\u00e1rez: &#8216;con el pueblo todo, sin el pueblo nada&#8217;, el d\u00eda que el pueblo no me respalde, ese d\u00eda no voy a llorar, ese d\u00eda me voy a ir a Palenque, Chiapas\u201d, dijo en Palacio Nacional.<\/p>\n\n\n\n<p>El pasado 31 de agosto,\u00a0el mandatario coment\u00f3 que \u00e9l ten\u00eda su encuesta donde 70 por ciento de los consultados ped\u00eda que siguiera en el cargo, frente a 25 por ciento que quer\u00eda que se fuera y 5 por ciento que le daba igual.<\/p>\n\n\n\n<p>Fuente: El Universal<\/p>\n","protected":false},"excerpt":{"rendered":"<p>El presidente Andr\u00e9s Manuel L\u00f3pez Obrador afirm\u00f3 que seg\u00fan una encuesta realizada este fin de semana, 71 por ciento de los mexicanos desean que contin\u00fae en el cargo, y asegur\u00f3 que la gente le grita en las calles que \u00abno ceda ante los corruptos\u00bb. En conferencia de prensa, el titular del Ejecutivo federal\u00a0inform\u00f3 que a<a class=\"read-more\" href=\"https:\/\/globalnewsmexico.com\/sitio\/el-71-de-los-mexicanos-desea-que-siga-como-presidente-amlo\/\">Leer m\u00e1s<\/a><\/p>\n","protected":false},"author":5,"featured_media":53854,"comment_status":"closed","ping_status":"open","sticky":false,"template":"","format":"standard","meta":{"spay_email":"","footnotes":""},"categories":[37,8,40,52],"tags":[],"jetpack_featured_media_url":"https:\/\/i1.wp.com\/globalnewsmexico.com\/sitio\/wp-content\/uploads\/2020\/09\/amlo222-1600193162-621x354-1.jpg?fit=1040%2C592&ssl=1","jetpack_sharing_enabled":true,"jetpack_shortlink":"https:\/\/wp.me\/p9yqPL-e0B","jetpack_likes_enabled":true,"_links":{"self":[{"href":"https:\/\/globalnewsmexico.com\/sitio\/wp-json\/wp\/v2\/posts\/53853"}],"collection":[{"href":"https:\/\/globalnewsmexico.com\/sitio\/wp-json\/wp\/v2\/posts"}],"about":[{"href":"https:\/\/globalnewsmexico.com\/sitio\/wp-json\/wp\/v2\/types\/post"}],"author":[{"embeddable":true,"href":"https:\/\/globalnewsmexico.com\/sitio\/wp-json\/wp\/v2\/users\/5"}],"replies":[{"embeddable":true,"href":"https:\/\/globalnewsmexico.com\/sitio\/wp-json\/wp\/v2\/comments?post=53853"}],"version-history":[{"count":0,"href":"https:\/\/globalnewsmexico.com\/sitio\/wp-json\/wp\/v2\/posts\/53853\/revisions"}],"wp:featuredmedia":[{"embeddable":true,"href":"https:\/\/globalnewsmexico.com\/sitio\/wp-json\/wp\/v2\/media\/53854"}],"wp:attachment":[{"href":"https:\/\/globalnewsmexico.com\/sitio\/wp-json\/wp\/v2\/media?parent=53853"}],"wp:term":[{"taxonomy":"category","embeddable":true,"href":"https:\/\/globalnewsmexico.com\/sitio\/wp-json\/wp\/v2\/categories?post=53853"},{"taxonomy":"post_tag","embeddable":true,"href":"https:\/\/globalnewsmexico.com\/sitio\/wp-json\/wp\/v2\/tags?post=53853"}],"curies":[{"name":"wp","href":"https:\/\/api.w.org\/{rel}","templated":true}]}}