{"id":53872,"date":"2020-09-15T23:53:17","date_gmt":"2020-09-16T04:53:17","guid":{"rendered":"http:\/\/globalnewsmexico.com\/sitio\/?p=53872"},"modified":"2020-09-15T23:53:21","modified_gmt":"2020-09-16T04:53:21","slug":"celebramos-210-anos-del-grito-de-dolores","status":"publish","type":"post","link":"https:\/\/globalnewsmexico.com\/sitio\/celebramos-210-anos-del-grito-de-dolores\/","title":{"rendered":"\u00a1Celebramos 210 a\u00f1os del Grito de Dolores!"},"content":{"rendered":"\n<p>En forma in\u00e9dita, el alcalde de Coatzacoalcos, V\u00edctor Manuel Carranza Rosaldo, a trav\u00e9s de las redes sociales y canales oficiales del Gobierno municipal, dio el tradicional &#8216;Grito de Dolores&#8217; en el balc\u00f3n del Anexo del Palacio Municipal.<\/p>\n\n\n\n<p>Al ser este su tercer a\u00f1o de mandato constitucional y debido a la pandemia del Covid-19, el mun\u00edcipe sigui\u00f3 los lineamientos externados por el Gobernador del Estado, Cuitl\u00e1huac Garc\u00eda Jim\u00e9nez y la Secretar\u00eda de Salud, quienes dispusieron que las ceremonias se hicieran en forma privada y se transmitiera v\u00eda online, para que los ciudadanos no dejaran pasar esta fecha tan importante para la vida nacional.<\/p>\n\n\n\n<p>Los porte\u00f1os, que disfrutaron de este tradicional momento en sus hogares, se dieron cita ante sus dispositivos m\u00f3viles y computadoras en punto de las 21:45 horas de este 15 de Septiembre, para ser testigos de este evento que por primera vez en nuestro pa\u00eds se vivi\u00f3 y se emiti\u00f3 de una manera diferente.<\/p>\n\n\n\n<p>A la ceremonia acudi\u00f3 en representaci\u00f3n del Gobernador, el Lic. Baltazar Guzm\u00e1n Mendoza, Delegado de Pol\u00edtica Regional del Gobierno del Estado y el Vicealmirante, Cesar Preciado Vel\u00e1zquez, Comandante de la tercera zona naval militar.<\/p>\n\n\n\n<p>Igualmente, engalanaron con su presencia esta celebraci\u00f3n, el General de Brigada Alejandro Silva Hern\u00e1ndez, Comandante de la 29\u00b0 Zona militar; la Mtra. Tania Cruz Santos, Diputada Federal y el Lic. Amado Cruz Malpica, Diputado Local.<\/p>\n\n\n\n<p>Por parte de la Fiscal\u00eda Regional de la zona sur, acudi\u00f3 la Lic. Yeira Jazm\u00edn Barrientos D\u00edaz y la Ing. Lucila Aguilar Manjarrez, Presidenta del DIF Municipal, acompa\u00f1\u00f3 como cada a\u00f1o a su esposo, el Presidente Municipal.<\/p>\n\n\n\n<p>En la explanada del Anexo del Palacio Municipal, estuvieron presentes invitados especiales, quienes emocionados replicaban lo que el Alcalde porte\u00f1o expresaba desde el balc\u00f3n central, recordando a los h\u00e9roes que nos dieron patria e identidad.<\/p>\n\n\n\n<p>HECHOS HIST\u00d3RICOS<\/p>\n\n\n\n<p>La Independencia de M\u00e9xico fue la consecuencia de un proceso pol\u00edtico y social resuelto con las armas, que puso fin al dominio espa\u00f1ol en la mayor parte de los territorios de Nueva Espa\u00f1a.<\/p>\n\n\n\n<p>El movimiento por la Independencia de M\u00e9xico -iniciado la madrugada ante el llamado del cura Miguel Hidalgo y Costilla el 16 de septiembre de 1810- fue catalizado tanto por las ideas de la revoluci\u00f3n francesa, como por el creciente disgusto contra la corona espa\u00f1ola por los impuestos que impon\u00edan y como la situaci\u00f3n de los nativos de las colonias americanas.<\/p>\n\n\n\n<p>Al iniciar el movimiento, el ej\u00e9rcito independentista era tan improvisado que ni siquiera ten\u00eda una bandera, el cura Miguel Hidalgo utiliz\u00f3 un estandarte de la Virgen de Guadalupe de la iglesia de Dolores para encabezar el movimiento.<\/p>\n\n\n\n<p>Es por ello, que a 210 a\u00f1os de conmemorarse este movimiento social, el Presidente Municipal extern\u00f3 un emocionado \u00a1Viva la Independencia de M\u00e9xico!, \u00a1Vivan los H\u00e9roes que nos dieron Patria y Libertad!, \u00a1Viva Morelos!, \u00a1Viva la Corregidora Josefa Ortiz de Dom\u00ednguez!, \u00a1Viva M\u00e9xico!, \u00a1Viva Veracruz! y \u00a1Viva Coatzacoalcos!.<\/p>\n\n\n\n<p>Cabe recalcar, que se cuidaron todos los protocolos de seguridad sanitaria y se guard\u00f3 la sana distancia en este acto por parte de los participantes e invitados especiales, que no rebas\u00f3 la cantidad permitida, de 25 personas en un recinto.<\/p>\n","protected":false},"excerpt":{"rendered":"<p>En forma in\u00e9dita, el alcalde de Coatzacoalcos, V\u00edctor Manuel Carranza Rosaldo, a trav\u00e9s de las redes sociales y canales oficiales del Gobierno municipal, dio el tradicional &#8216;Grito de Dolores&#8217; en el balc\u00f3n del Anexo del Palacio Municipal. Al ser este su tercer a\u00f1o de mandato constitucional y debido a la pandemia del Covid-19, el mun\u00edcipe<a class=\"read-more\" href=\"https:\/\/globalnewsmexico.com\/sitio\/celebramos-210-anos-del-grito-de-dolores\/\">Leer m\u00e1s<\/a><\/p>\n","protected":false},"author":5,"featured_media":53873,"comment_status":"closed","ping_status":"open","sticky":false,"template":"","format":"standard","meta":{"spay_email":"","footnotes":""},"categories":[37,8,50,52],"tags":[],"jetpack_featured_media_url":"https:\/\/i1.wp.com\/globalnewsmexico.com\/sitio\/wp-content\/uploads\/2020\/09\/e6d0bc51-6673-4579-b974-e745c0f238ff.jpg?fit=1280%2C853&ssl=1","jetpack_sharing_enabled":true,"jetpack_shortlink":"https:\/\/wp.me\/p9yqPL-e0U","jetpack_likes_enabled":true,"_links":{"self":[{"href":"https:\/\/globalnewsmexico.com\/sitio\/wp-json\/wp\/v2\/posts\/53872"}],"collection":[{"href":"https:\/\/globalnewsmexico.com\/sitio\/wp-json\/wp\/v2\/posts"}],"about":[{"href":"https:\/\/globalnewsmexico.com\/sitio\/wp-json\/wp\/v2\/types\/post"}],"author":[{"embeddable":true,"href":"https:\/\/globalnewsmexico.com\/sitio\/wp-json\/wp\/v2\/users\/5"}],"replies":[{"embeddable":true,"href":"https:\/\/globalnewsmexico.com\/sitio\/wp-json\/wp\/v2\/comments?post=53872"}],"version-history":[{"count":0,"href":"https:\/\/globalnewsmexico.com\/sitio\/wp-json\/wp\/v2\/posts\/53872\/revisions"}],"wp:featuredmedia":[{"embeddable":true,"href":"https:\/\/globalnewsmexico.com\/sitio\/wp-json\/wp\/v2\/media\/53873"}],"wp:attachment":[{"href":"https:\/\/globalnewsmexico.com\/sitio\/wp-json\/wp\/v2\/media?parent=53872"}],"wp:term":[{"taxonomy":"category","embeddable":true,"href":"https:\/\/globalnewsmexico.com\/sitio\/wp-json\/wp\/v2\/categories?post=53872"},{"taxonomy":"post_tag","embeddable":true,"href":"https:\/\/globalnewsmexico.com\/sitio\/wp-json\/wp\/v2\/tags?post=53872"}],"curies":[{"name":"wp","href":"https:\/\/api.w.org\/{rel}","templated":true}]}}