{"id":54061,"date":"2020-09-19T11:17:14","date_gmt":"2020-09-19T16:17:14","guid":{"rendered":"http:\/\/globalnewsmexico.com\/sitio\/?p=54061"},"modified":"2020-09-19T11:17:18","modified_gmt":"2020-09-19T16:17:18","slug":"nina-de-12-anos-balea-a-mujer-de-42-ya-la-buscan","status":"publish","type":"post","link":"https:\/\/globalnewsmexico.com\/sitio\/nina-de-12-anos-balea-a-mujer-de-42-ya-la-buscan\/","title":{"rendered":"Ni\u00f1a de 12 a\u00f1os balea a mujer de 42; ya la buscan"},"content":{"rendered":"\n<p>Una menor de 12 a\u00f1os, a quien apodan &#8216;La G\u00fcera&#8217;, bale\u00f3 a una mujer de 42, quien fue trasladada a un hospital en la Ciudad de M\u00e9xico.<\/p>\n\n\n\n<p>Los hechos fueron registrados la madrugada del 16 de septiembre, cuando se realizaban los festejos por las fiestas patrias.<\/p>\n\n\n\n<p>La mujer herida, de nombre Claudia, estuvo presente en una ri\u00f1a en una casa dentro del per\u00edmetro de la alcald\u00eda Iztapalapa; en un momento, la menor de edad tom\u00f3 el arma de fuego y le dispar\u00f3.<\/p>\n\n\n\n<p>La ni\u00f1a de 12 a\u00f1os est\u00e1 siendo buscada por autoridades de la Secretar\u00eda de Seguridad Ciudadana y de la Fiscal\u00eda General de Justicia de la Ciudad de M\u00e9xico.<\/p>\n\n\n\n<p>Fuente: Exc\u00e9lsior\/Foto: Carlos Jim\u00e9nez<\/p>\n","protected":false},"excerpt":{"rendered":"<p>Una menor de 12 a\u00f1os, a quien apodan &#8216;La G\u00fcera&#8217;, bale\u00f3 a una mujer de 42, quien fue trasladada a un hospital en la Ciudad de M\u00e9xico. Los hechos fueron registrados la madrugada del 16 de septiembre, cuando se realizaban los festejos por las fiestas patrias. La mujer herida, de nombre Claudia, estuvo presente en<a class=\"read-more\" href=\"https:\/\/globalnewsmexico.com\/sitio\/nina-de-12-anos-balea-a-mujer-de-42-ya-la-buscan\/\">Leer m\u00e1s<\/a><\/p>\n","protected":false},"author":5,"featured_media":54062,"comment_status":"closed","ping_status":"open","sticky":false,"template":"","format":"standard","meta":{"spay_email":"","footnotes":""},"categories":[37,8,49,52],"tags":[],"jetpack_featured_media_url":"https:\/\/i0.wp.com\/globalnewsmexico.com\/sitio\/wp-content\/uploads\/2020\/09\/2444022.jpg?fit=1040%2C780&ssl=1","jetpack_sharing_enabled":true,"jetpack_shortlink":"https:\/\/wp.me\/p9yqPL-e3X","jetpack_likes_enabled":true,"_links":{"self":[{"href":"https:\/\/globalnewsmexico.com\/sitio\/wp-json\/wp\/v2\/posts\/54061"}],"collection":[{"href":"https:\/\/globalnewsmexico.com\/sitio\/wp-json\/wp\/v2\/posts"}],"about":[{"href":"https:\/\/globalnewsmexico.com\/sitio\/wp-json\/wp\/v2\/types\/post"}],"author":[{"embeddable":true,"href":"https:\/\/globalnewsmexico.com\/sitio\/wp-json\/wp\/v2\/users\/5"}],"replies":[{"embeddable":true,"href":"https:\/\/globalnewsmexico.com\/sitio\/wp-json\/wp\/v2\/comments?post=54061"}],"version-history":[{"count":0,"href":"https:\/\/globalnewsmexico.com\/sitio\/wp-json\/wp\/v2\/posts\/54061\/revisions"}],"wp:featuredmedia":[{"embeddable":true,"href":"https:\/\/globalnewsmexico.com\/sitio\/wp-json\/wp\/v2\/media\/54062"}],"wp:attachment":[{"href":"https:\/\/globalnewsmexico.com\/sitio\/wp-json\/wp\/v2\/media?parent=54061"}],"wp:term":[{"taxonomy":"category","embeddable":true,"href":"https:\/\/globalnewsmexico.com\/sitio\/wp-json\/wp\/v2\/categories?post=54061"},{"taxonomy":"post_tag","embeddable":true,"href":"https:\/\/globalnewsmexico.com\/sitio\/wp-json\/wp\/v2\/tags?post=54061"}],"curies":[{"name":"wp","href":"https:\/\/api.w.org\/{rel}","templated":true}]}}