{"id":54065,"date":"2020-09-19T12:42:43","date_gmt":"2020-09-19T17:42:43","guid":{"rendered":"http:\/\/globalnewsmexico.com\/sitio\/?p=54065"},"modified":"2020-09-19T12:42:50","modified_gmt":"2020-09-19T17:42:50","slug":"sin-simulacro-conmemoran-dia-nacional-de-proteccion-civil-en-veracruz","status":"publish","type":"post","link":"https:\/\/globalnewsmexico.com\/sitio\/sin-simulacro-conmemoran-dia-nacional-de-proteccion-civil-en-veracruz\/","title":{"rendered":"Sin simulacro, conmemoran D\u00eda Nacional de Protecci\u00f3n Civil en Veracruz"},"content":{"rendered":"\n<p>En punto de las 07:19 horas, como aquel 19 de diciembre de 1985 donde se gener\u00f3 un sismo de 8.2 grados que devast\u00f3 a la Ciudad de M\u00e9xico, este s\u00e1bado desde el parque &#8216;Benito Ju\u00e1rez&#8217;, el gobernador de Veracruz, Cuitl\u00e1huac Garc\u00eda Jim\u00e9nez, encabez\u00f3 la conmemoraci\u00f3n a 35 a\u00f1os de aquel suceso que marc\u00f3 al pa\u00eds y gener\u00f3 las bases para la creaci\u00f3n del Sistema Nacional de Protecci\u00f3n Civil.<\/p>\n\n\n\n<p>En la breve ceremonia se iz\u00f3 la bandera a media asta en memoria de las personas fallecidas durante el sismo, as\u00ed como a las que parad\u00f3jicamente, 32 a\u00f1os despu\u00e9s en 2017, en la misma fecha perdieron la vida en otro terremoto que dej\u00f3 destrucci\u00f3n y muerte en algunas zonas de la capital, as\u00ed como en estados como Oaxaca.<\/p>\n\n\n\n<p>En la ceremonia se record\u00f3 que tras el sismo de 1985 M\u00e9xico se transform\u00f3, pues ante la tragedia, la ciudadan\u00eda se moviliz\u00f3 para atender la emergencia ante la falta de una respuesta institucional organizada, lo que motiv\u00f3 la creaci\u00f3n desde ese entonces del Sistema Nacional de Protecci\u00f3n Civil, el cual se puso a prueba nuevamente en 2017 con otro temblor en la capital del pa\u00eds.<\/p>\n\n\n\n<p>Este a\u00f1o, a diferencia de otros, no se realiz\u00f3 el tradicional simulacro, para evitar riesgos a la salud de la poblaci\u00f3n de contagios por el Covid-19; sin embargo, se recomend\u00f3 a todos los ciudadanos contar con un plan y mochila de emergencia en casa para hacer frente a cualquier contingencia.<\/p>\n\n\n\n<p>Tras izamiento de la bandera, se dio un minuto de sirenas de las unidades de emergencia de Protecci\u00f3n Civil, posteriormente un toque militar de silencio en memoria de los fallecidos en los terremotos de 1985 y 2017 y luego se enton\u00f3 el himno nacional mexicano.<\/p>\n\n\n\n<p>Fuente: Los Editores<\/p>\n","protected":false},"excerpt":{"rendered":"<p>En punto de las 07:19 horas, como aquel 19 de diciembre de 1985 donde se gener\u00f3 un sismo de 8.2 grados que devast\u00f3 a la Ciudad de M\u00e9xico, este s\u00e1bado desde el parque &#8216;Benito Ju\u00e1rez&#8217;, el gobernador de Veracruz, Cuitl\u00e1huac Garc\u00eda Jim\u00e9nez, encabez\u00f3 la conmemoraci\u00f3n a 35 a\u00f1os de aquel suceso que marc\u00f3 al pa\u00eds<a class=\"read-more\" href=\"https:\/\/globalnewsmexico.com\/sitio\/sin-simulacro-conmemoran-dia-nacional-de-proteccion-civil-en-veracruz\/\">Leer m\u00e1s<\/a><\/p>\n","protected":false},"author":5,"featured_media":54066,"comment_status":"closed","ping_status":"open","sticky":false,"template":"","format":"standard","meta":{"spay_email":"","footnotes":""},"categories":[37,8,50,52],"tags":[],"jetpack_featured_media_url":"https:\/\/i1.wp.com\/globalnewsmexico.com\/sitio\/wp-content\/uploads\/2020\/09\/1100RjsHZF7ol0.jpg?fit=1100%2C677&ssl=1","jetpack_sharing_enabled":true,"jetpack_shortlink":"https:\/\/wp.me\/p9yqPL-e41","jetpack_likes_enabled":true,"_links":{"self":[{"href":"https:\/\/globalnewsmexico.com\/sitio\/wp-json\/wp\/v2\/posts\/54065"}],"collection":[{"href":"https:\/\/globalnewsmexico.com\/sitio\/wp-json\/wp\/v2\/posts"}],"about":[{"href":"https:\/\/globalnewsmexico.com\/sitio\/wp-json\/wp\/v2\/types\/post"}],"author":[{"embeddable":true,"href":"https:\/\/globalnewsmexico.com\/sitio\/wp-json\/wp\/v2\/users\/5"}],"replies":[{"embeddable":true,"href":"https:\/\/globalnewsmexico.com\/sitio\/wp-json\/wp\/v2\/comments?post=54065"}],"version-history":[{"count":0,"href":"https:\/\/globalnewsmexico.com\/sitio\/wp-json\/wp\/v2\/posts\/54065\/revisions"}],"wp:featuredmedia":[{"embeddable":true,"href":"https:\/\/globalnewsmexico.com\/sitio\/wp-json\/wp\/v2\/media\/54066"}],"wp:attachment":[{"href":"https:\/\/globalnewsmexico.com\/sitio\/wp-json\/wp\/v2\/media?parent=54065"}],"wp:term":[{"taxonomy":"category","embeddable":true,"href":"https:\/\/globalnewsmexico.com\/sitio\/wp-json\/wp\/v2\/categories?post=54065"},{"taxonomy":"post_tag","embeddable":true,"href":"https:\/\/globalnewsmexico.com\/sitio\/wp-json\/wp\/v2\/tags?post=54065"}],"curies":[{"name":"wp","href":"https:\/\/api.w.org\/{rel}","templated":true}]}}