{"id":54087,"date":"2020-09-19T15:58:57","date_gmt":"2020-09-19T20:58:57","guid":{"rendered":"http:\/\/globalnewsmexico.com\/sitio\/?p=54087"},"modified":"2020-09-19T15:59:00","modified_gmt":"2020-09-19T20:59:00","slug":"dona-gobierno-municipal-viveres-al-albergue-la-promesa","status":"publish","type":"post","link":"https:\/\/globalnewsmexico.com\/sitio\/dona-gobierno-municipal-viveres-al-albergue-la-promesa\/","title":{"rendered":"Dona Gobierno municipal v\u00edveres al albergue &#8216;La Promesa&#8217;"},"content":{"rendered":"\n<p>El Gobierno de Coatzacoalcos, que preside V\u00edctor Manuel Carranza Rosaldo, llev\u00f3 la tarde de este viernes al albergue &#8216;La Promesa&#8217; diversos v\u00edveres, que servir\u00e1n para la alimentaci\u00f3n de los voluntarios y de las personas que est\u00e1n en recuperaci\u00f3n.<\/p>\n\n\n\n<p>A solicitud de quienes coordinan el lugar ubicado en la colonia Rancho Alegre, donde hay decenas de varones en proceso de rehabilitaci\u00f3n, el alcalde gir\u00f3 instrucciones para que se apoyara a este sitio que tiene m\u00e1s de 27 a\u00f1os en operaci\u00f3n. A nivel nacional, son 39 grupos los que ayudan a hombres y mujeres que padecen adicciones.<\/p>\n\n\n\n<p>El albergue &#8216;La Promesa&#8217; usualmente se sostiene con recursos propios generados por la venta de pan que se elabora en el mismo, sin embargo, la pandemia del Covid-19 afect\u00f3 a los m\u00e1s de 800 miembros, ya que muchos no pueden salir a comercializar sus productos porque sufren de hipertensi\u00f3n, diabetes y otras enfermedades de alto riesgo.<\/p>\n\n\n\n<p>Fue por esta situaci\u00f3n, que los coordinadores decidieron pedirle apoyo al Presidente Municipal, para poder subsistir y no tener que cerrar el refugio, debido a que algunos integrantes todav\u00eda est\u00e1n en su primera fase de recuperaci\u00f3n.<\/p>\n\n\n\n<p>Con esta labor social, el Ayuntamiento de Coatzacoalcos reitera su compromiso en beneficio de los sectores vulnerables del municipio.<\/p>\n","protected":false},"excerpt":{"rendered":"<p>El Gobierno de Coatzacoalcos, que preside V\u00edctor Manuel Carranza Rosaldo, llev\u00f3 la tarde de este viernes al albergue &#8216;La Promesa&#8217; diversos v\u00edveres, que servir\u00e1n para la alimentaci\u00f3n de los voluntarios y de las personas que est\u00e1n en recuperaci\u00f3n. A solicitud de quienes coordinan el lugar ubicado en la colonia Rancho Alegre, donde hay decenas de<a class=\"read-more\" href=\"https:\/\/globalnewsmexico.com\/sitio\/dona-gobierno-municipal-viveres-al-albergue-la-promesa\/\">Leer m\u00e1s<\/a><\/p>\n","protected":false},"author":5,"featured_media":54088,"comment_status":"closed","ping_status":"open","sticky":false,"template":"","format":"standard","meta":{"spay_email":"","footnotes":""},"categories":[37,8,50,52],"tags":[],"jetpack_featured_media_url":"https:\/\/i0.wp.com\/globalnewsmexico.com\/sitio\/wp-content\/uploads\/2020\/09\/dfa76bdc-8463-4a86-a157-b441bfaab5bd.jpg?fit=1040%2C693&ssl=1","jetpack_sharing_enabled":true,"jetpack_shortlink":"https:\/\/wp.me\/p9yqPL-e4n","jetpack_likes_enabled":true,"_links":{"self":[{"href":"https:\/\/globalnewsmexico.com\/sitio\/wp-json\/wp\/v2\/posts\/54087"}],"collection":[{"href":"https:\/\/globalnewsmexico.com\/sitio\/wp-json\/wp\/v2\/posts"}],"about":[{"href":"https:\/\/globalnewsmexico.com\/sitio\/wp-json\/wp\/v2\/types\/post"}],"author":[{"embeddable":true,"href":"https:\/\/globalnewsmexico.com\/sitio\/wp-json\/wp\/v2\/users\/5"}],"replies":[{"embeddable":true,"href":"https:\/\/globalnewsmexico.com\/sitio\/wp-json\/wp\/v2\/comments?post=54087"}],"version-history":[{"count":0,"href":"https:\/\/globalnewsmexico.com\/sitio\/wp-json\/wp\/v2\/posts\/54087\/revisions"}],"wp:featuredmedia":[{"embeddable":true,"href":"https:\/\/globalnewsmexico.com\/sitio\/wp-json\/wp\/v2\/media\/54088"}],"wp:attachment":[{"href":"https:\/\/globalnewsmexico.com\/sitio\/wp-json\/wp\/v2\/media?parent=54087"}],"wp:term":[{"taxonomy":"category","embeddable":true,"href":"https:\/\/globalnewsmexico.com\/sitio\/wp-json\/wp\/v2\/categories?post=54087"},{"taxonomy":"post_tag","embeddable":true,"href":"https:\/\/globalnewsmexico.com\/sitio\/wp-json\/wp\/v2\/tags?post=54087"}],"curies":[{"name":"wp","href":"https:\/\/api.w.org\/{rel}","templated":true}]}}