{"id":54104,"date":"2020-09-21T10:22:31","date_gmt":"2020-09-21T15:22:31","guid":{"rendered":"http:\/\/globalnewsmexico.com\/sitio\/?p=54104"},"modified":"2020-09-21T10:22:35","modified_gmt":"2020-09-21T15:22:35","slug":"frenaa-puede-esperar-revocacion-de-mandato-y-convocar-a-quienes-esten-en-contra-amlo","status":"publish","type":"post","link":"https:\/\/globalnewsmexico.com\/sitio\/frenaa-puede-esperar-revocacion-de-mandato-y-convocar-a-quienes-esten-en-contra-amlo\/","title":{"rendered":"FRENAA puede esperar revocaci\u00f3n de mandato y convocar a quienes est\u00e9n en contra: AMLO"},"content":{"rendered":"\n<p>El presidente Andr\u00e9s Manuel L\u00f3pez Obrador dijo que si el\u00a0Frente Nacional anti-AMLO, que se mantiene en Reforma, quiere que \u00e9l se vaya de la presidencia, debe esperar a la\u00a0revocaci\u00f3n de mandato\u00a0de 2022 o a las\u00a0elecciones de 2021.<\/p>\n\n\n\n<p>\u201cHay un procedimiento establecido que nosotros creamos, que no exist\u00eda antes, que es el de la revocaci\u00f3n de mandato. Yo en el primer trimestre de 2020 me voy a someter a la revocaci\u00f3n del mandato y se va a preguntar a los ciudadanos si quieren que yo contin\u00fae o que renuncie.&nbsp;<\/p>\n\n\n\n<p>Ellos pueden esperar hasta entonces y convocar al pueblo y a quienes est\u00e9n en contra de nuestro gobierno a que participen, voten, y si el pueblo dice que yo me vaya, pues entonces s\u00ed a Palenque, Chiapas; si el pueblo dice que me quede, me quedo hasta 2024\u201d, se\u00f1al\u00f3.<\/p>\n\n\n\n<p>En conferencia de prensa ma\u00f1anera, el presidente asegur\u00f3 que el frente anti-AMLO\u00a0\u00abtiene garantizado su derecho de manifestaci\u00f3n. Creo que pueden manifestarse donde est\u00e1n y van a ser respetados, cuidados, para que ejerzan su derecho a la libre manifestaci\u00f3n\u00bb.<\/p>\n\n\n\n<p>Fuente: Xeu Noticias<\/p>\n","protected":false},"excerpt":{"rendered":"<p>El presidente Andr\u00e9s Manuel L\u00f3pez Obrador dijo que si el\u00a0Frente Nacional anti-AMLO, que se mantiene en Reforma, quiere que \u00e9l se vaya de la presidencia, debe esperar a la\u00a0revocaci\u00f3n de mandato\u00a0de 2022 o a las\u00a0elecciones de 2021. \u201cHay un procedimiento establecido que nosotros creamos, que no exist\u00eda antes, que es el de la revocaci\u00f3n de<a class=\"read-more\" href=\"https:\/\/globalnewsmexico.com\/sitio\/frenaa-puede-esperar-revocacion-de-mandato-y-convocar-a-quienes-esten-en-contra-amlo\/\">Leer m\u00e1s<\/a><\/p>\n","protected":false},"author":5,"featured_media":54105,"comment_status":"closed","ping_status":"open","sticky":false,"template":"","format":"standard","meta":{"spay_email":"","footnotes":""},"categories":[37,8,40,52],"tags":[],"jetpack_featured_media_url":"https:\/\/i0.wp.com\/globalnewsmexico.com\/sitio\/wp-content\/uploads\/2020\/09\/1122123.jpg?fit=1024%2C581&ssl=1","jetpack_sharing_enabled":true,"jetpack_shortlink":"https:\/\/wp.me\/p9yqPL-e4E","jetpack_likes_enabled":true,"_links":{"self":[{"href":"https:\/\/globalnewsmexico.com\/sitio\/wp-json\/wp\/v2\/posts\/54104"}],"collection":[{"href":"https:\/\/globalnewsmexico.com\/sitio\/wp-json\/wp\/v2\/posts"}],"about":[{"href":"https:\/\/globalnewsmexico.com\/sitio\/wp-json\/wp\/v2\/types\/post"}],"author":[{"embeddable":true,"href":"https:\/\/globalnewsmexico.com\/sitio\/wp-json\/wp\/v2\/users\/5"}],"replies":[{"embeddable":true,"href":"https:\/\/globalnewsmexico.com\/sitio\/wp-json\/wp\/v2\/comments?post=54104"}],"version-history":[{"count":0,"href":"https:\/\/globalnewsmexico.com\/sitio\/wp-json\/wp\/v2\/posts\/54104\/revisions"}],"wp:featuredmedia":[{"embeddable":true,"href":"https:\/\/globalnewsmexico.com\/sitio\/wp-json\/wp\/v2\/media\/54105"}],"wp:attachment":[{"href":"https:\/\/globalnewsmexico.com\/sitio\/wp-json\/wp\/v2\/media?parent=54104"}],"wp:term":[{"taxonomy":"category","embeddable":true,"href":"https:\/\/globalnewsmexico.com\/sitio\/wp-json\/wp\/v2\/categories?post=54104"},{"taxonomy":"post_tag","embeddable":true,"href":"https:\/\/globalnewsmexico.com\/sitio\/wp-json\/wp\/v2\/tags?post=54104"}],"curies":[{"name":"wp","href":"https:\/\/api.w.org\/{rel}","templated":true}]}}