{"id":54256,"date":"2020-09-23T15:58:52","date_gmt":"2020-09-23T20:58:52","guid":{"rendered":"http:\/\/globalnewsmexico.com\/sitio\/?p=54256"},"modified":"2020-09-23T15:58:57","modified_gmt":"2020-09-23T20:58:57","slug":"integrantes-de-la-cnte-se-enfrentan-a-policias-en-uruapan-michoacan","status":"publish","type":"post","link":"https:\/\/globalnewsmexico.com\/sitio\/integrantes-de-la-cnte-se-enfrentan-a-policias-en-uruapan-michoacan\/","title":{"rendered":"Integrantes de la CNTE se enfrentan a polic\u00edas en Uruapan, Michoac\u00e1n"},"content":{"rendered":"\n<p>Luego de tres d\u00edas de manifestaciones, aument\u00f3 la tensi\u00f3n entre maestros de la Coordinadora Nacional de Trabajadores de la Educaci\u00f3n (CNTE) y la Polic\u00eda de Michoac\u00e1n, lo que deriv\u00f3 en un enfrentamiento en el municipio de Uruapan.<\/p>\n\n\n\n<p>En un di\u00e1logo previo, en donde los integrantes de la CNTE aseguraron que no realizar\u00edan actos de violencia, estos confrontaron con piedras, palos y cohetes a los granaderos que se instalaron en las v\u00edas de Caltzonzin.<\/p>\n\n\n\n<p>Miembros de la Secci\u00f3n 18 de la CNTE aseguraron que la respuesta fue por una represi\u00f3n que hicieron los elementos policiales, que en todo momento han estado acompa\u00f1ados de la Guardia Nacional.<\/p>\n\n\n\n<p>Previo a la confrontaci\u00f3n, un l\u00edder de la Polic\u00eda Estatal asegur\u00f3 en las inmediaciones de la red ferroviaria que la instrucci\u00f3n era solo no permitir el bloqueo de v\u00edas, pero sin molestar en las calles aleda\u00f1as a los maestros.<\/p>\n\n\n\n<p>Un manifestante le respondi\u00f3 que una comisi\u00f3n de la CNTE se encuentra en la Ciudad de M\u00e9xico buscando una mesa de di\u00e1logo; sin embargo, no cesar\u00e1n las protestas hasta que no les informen que se cumplieron sus exigencias de bonos y basificaci\u00f3n de normalistas.<\/p>\n\n\n\n<p>Fuente: Reforma<\/p>\n","protected":false},"excerpt":{"rendered":"<p>Luego de tres d\u00edas de manifestaciones, aument\u00f3 la tensi\u00f3n entre maestros de la Coordinadora Nacional de Trabajadores de la Educaci\u00f3n (CNTE) y la Polic\u00eda de Michoac\u00e1n, lo que deriv\u00f3 en un enfrentamiento en el municipio de Uruapan. En un di\u00e1logo previo, en donde los integrantes de la CNTE aseguraron que no realizar\u00edan actos de violencia,<a class=\"read-more\" href=\"https:\/\/globalnewsmexico.com\/sitio\/integrantes-de-la-cnte-se-enfrentan-a-policias-en-uruapan-michoacan\/\">Leer m\u00e1s<\/a><\/p>\n","protected":false},"author":5,"featured_media":54257,"comment_status":"closed","ping_status":"open","sticky":false,"template":"","format":"standard","meta":{"spay_email":"","footnotes":""},"categories":[37,8,49,52],"tags":[],"jetpack_featured_media_url":"https:\/\/i2.wp.com\/globalnewsmexico.com\/sitio\/wp-content\/uploads\/2020\/09\/1122533.jpg?fit=1024%2C683&ssl=1","jetpack_sharing_enabled":true,"jetpack_shortlink":"https:\/\/wp.me\/p9yqPL-e76","jetpack_likes_enabled":true,"_links":{"self":[{"href":"https:\/\/globalnewsmexico.com\/sitio\/wp-json\/wp\/v2\/posts\/54256"}],"collection":[{"href":"https:\/\/globalnewsmexico.com\/sitio\/wp-json\/wp\/v2\/posts"}],"about":[{"href":"https:\/\/globalnewsmexico.com\/sitio\/wp-json\/wp\/v2\/types\/post"}],"author":[{"embeddable":true,"href":"https:\/\/globalnewsmexico.com\/sitio\/wp-json\/wp\/v2\/users\/5"}],"replies":[{"embeddable":true,"href":"https:\/\/globalnewsmexico.com\/sitio\/wp-json\/wp\/v2\/comments?post=54256"}],"version-history":[{"count":0,"href":"https:\/\/globalnewsmexico.com\/sitio\/wp-json\/wp\/v2\/posts\/54256\/revisions"}],"wp:featuredmedia":[{"embeddable":true,"href":"https:\/\/globalnewsmexico.com\/sitio\/wp-json\/wp\/v2\/media\/54257"}],"wp:attachment":[{"href":"https:\/\/globalnewsmexico.com\/sitio\/wp-json\/wp\/v2\/media?parent=54256"}],"wp:term":[{"taxonomy":"category","embeddable":true,"href":"https:\/\/globalnewsmexico.com\/sitio\/wp-json\/wp\/v2\/categories?post=54256"},{"taxonomy":"post_tag","embeddable":true,"href":"https:\/\/globalnewsmexico.com\/sitio\/wp-json\/wp\/v2\/tags?post=54256"}],"curies":[{"name":"wp","href":"https:\/\/api.w.org\/{rel}","templated":true}]}}