{"id":54263,"date":"2020-09-23T20:08:51","date_gmt":"2020-09-24T01:08:51","guid":{"rendered":"http:\/\/globalnewsmexico.com\/sitio\/?p=54263"},"modified":"2020-09-23T20:08:54","modified_gmt":"2020-09-24T01:08:54","slug":"amado-cruz-malpica-en-la-instalacion-del-consejo-de-economia-regional-olmeca","status":"publish","type":"post","link":"https:\/\/globalnewsmexico.com\/sitio\/amado-cruz-malpica-en-la-instalacion-del-consejo-de-economia-regional-olmeca\/","title":{"rendered":"Amado Cruz Malpica, en la Instalaci\u00f3n del Consejo de Econom\u00eda Regional Olmeca"},"content":{"rendered":"\n<p>El diputado local, Amado Cruz Malpica, particip\u00f3 en la integraci\u00f3n del Consejo de Econom\u00eda Regional Olmeca en Coatzacoalcos, que agrupa a todos los sectores p\u00fablicos y privados para la conformaci\u00f3n de pol\u00edticas orientadas al fomento de nuevas inversiones y detonaci\u00f3n del empleo productivo en esta regi\u00f3n.<\/p>\n\n\n\n<p>Como presidente del Consejo de Econom\u00eda Regional Olmeca, fue designado el alcalde de Coatzacoalcos, V\u00edctor Carranza; Amado Cruz Malpica qued\u00f3 como representante del Congreso Estatal de la LXV Legislatura y como secretario t\u00e9cnico, fue elegido el coordinador general de Atenci\u00f3n al Programa para el Desarrollo del Istmo de Tehuantepec, V\u00edctor Gonzalo Romero S\u00e1nchez.<\/p>\n\n\n\n<p>Este Consejo de Econom\u00eda Regional zona Olmeca es el noveno que se instala en Veracruz, de un total de 10 de estos \u00f3rganos institucionales que forman parte del Acuerdo por la Reactivaci\u00f3n Econ\u00f3mica del estado que impulsa el Gobernador Cuitl\u00e1huac Garc\u00eda a trav\u00e9s de la Secretar\u00eda de Desarrollo Econ\u00f3mico y Portuario (SEDECOP).<\/p>\n\n\n\n<p>El diputado local Amado Cruz Malpica calific\u00f3 como un acierto la decisi\u00f3n del Gobernador de Veracruz de integrar a todos los sectores gubernamentales, acad\u00e9micos y empresariales en un Consejo Regional que coadyuve al desarrollo de la econom\u00eda local.<\/p>\n\n\n\n<p>\u201cSe est\u00e1n integrando de manera paulatina todos los elementos de las h\u00e9lices del desarrollo: la h\u00e9lice acad\u00e9mica, la h\u00e9lice empresarial y la h\u00e9lice gubernamental para que avance esta gran embarcaci\u00f3n\u201d, expres\u00f3 Cruz Malpica.<\/p>\n\n\n\n<p>El tambi\u00e9n presidente de la Comisi\u00f3n Legislativa de Desarrollo Econ\u00f3mico y del Corredor Interoce\u00e1nico del Istmo de Tehuantepec expuso que el Consejo de Econom\u00eda Regional servir\u00e1 a los empresarios para efectos de planificaci\u00f3n para atraer nuevas inversiones a esta zona.<\/p>\n\n\n\n<p>\u201cDe los empresarios esperamos que haya una participaci\u00f3n muy intensa en los programas. Estoy seguro que as\u00ed va a ser\u201d, a\u00f1adi\u00f3.<\/p>\n\n\n\n<p>\u201cEl Corredor Interoce\u00e1nico es el principal proyecto de desarrollo regional en todo el pa\u00eds y probablemente lo sea en todo el sexenio del presidente Andr\u00e9s Manuel L\u00f3pez Obrador. Creo que a eso le van apostar los empresarios\u201d, sostuvo.<\/p>\n\n\n\n<p>Cruz Malpica dijo que con este Consejo de Econom\u00eda Regional los empresarios tendr\u00e1n la oportunidad de proponer, analizar y discutir las pol\u00edticas p\u00fablicas de desarrollo econ\u00f3mico a implementar en esta zona.<\/p>\n\n\n\n<p>\u201cSe pretende el fomento al empleo productivo. De ah\u00ed se van englobar acciones para detonar el turismo comunitario y creaci\u00f3n de empresas sociales. Me parece que eso son los ejes fundamentales de la instalaci\u00f3n de este Consejo\u201d, explic\u00f3.<\/p>\n\n\n\n<p>En la instalaci\u00f3n de este Consejo de Econom\u00eda Regional zona Olmeca participaron adem\u00e1s los planteles educativos de la Universidad Veracruzana y el Instituto Tecnol\u00f3gico Superior de Coatzacoalcos como representaciones del \u00e1mbito acad\u00e9mico.<\/p>\n\n\n\n<p>En los sectores privados, quedaron integrados adem\u00e1s las c\u00e1maras empresariales de la localidad dentro este Consejo.<\/p>\n\n\n\n<p>MIEMBROS DEL CONSEJO<\/p>\n\n\n\n<p>Como vocales del Consejo est\u00e1n el Presidente de la Delegaci\u00f3n Sur de la Asociaci\u00f3n de Industriales del Estado de Veracruz, Claudio Velasco Martell; Gabriela Cordero Urbieta, Presidenta de la Asociaci\u00f3n Mexicana de Mujeres Empresarias, Capitulo Coatzacoalcos y Jorge Miguel Uscanga Villalba, Subsecretario de Educaci\u00f3n Media Superior y Superior de Veracruz.<\/p>\n\n\n\n<p>Como representantes de las dependencias y entidades del sector p\u00fablico y privado: Por Canacintra Minatitl\u00e1n, Marisol Gonz\u00e1lez Cales; por el Concejo Coordinador Empresarial zona sur, Esteban Enr\u00edquez Espa\u00f1a y el Rector de la Universidad Tecnol\u00f3gica del Sureste de Veracruz, Julio C\u00e9sar Sandria Reynoso.<\/p>\n\n\n\n<p>Los municipios que conforman la regi\u00f3n Olmeca son: Acayucan, Agua Dulce, Chinameca, Coatzacoalcos, Cosoleacaque, Hidalgotil\u00e1n, Ixhuatl\u00e1n del Sureste, J\u00e1ltipan, Jes\u00fas Carranza, Las Choapas, Mecayapan, Minatitl\u00e1n, Moloac\u00e1n, Nanchital, Oluta, Oteapan, Pajapan, San Juan Evangelista, Sayula de Alem\u00e1n, Soconusco, Soteapan, Tatahuicapan, Texistepec, Uxpanapa y Zaragoza.<\/p>\n\n\n\n<p>Participaron en este evento: Amado Cruz Malpica, Diputado Local; Enrique Nach\u00f3n Garc\u00eda, Secretario de Desarrollo Econ\u00f3mico y Portuario; Rafael Mar\u00edn Mollinedo, Director General del Corredor Interoce\u00e1nico del Istmo de Tehuantepec y Antonio Luna Rosales, Director General de la Administraci\u00f3n Portuaria Integral.<\/p>\n\n\n\n<p>Tambi\u00e9n estuvo presente Ricardo Mancisidor Landa, Subsecretario de Promoci\u00f3n y Apoyo a la Industria y Emmanuel Pe\u00f1a S\u00e1nchez, Presidente del Consejo de Administraci\u00f3n del Centro de Convenciones de Coatzacoalcos.<\/p>\n","protected":false},"excerpt":{"rendered":"<p>El diputado local, Amado Cruz Malpica, particip\u00f3 en la integraci\u00f3n del Consejo de Econom\u00eda Regional Olmeca en Coatzacoalcos, que agrupa a todos los sectores p\u00fablicos y privados para la conformaci\u00f3n de pol\u00edticas orientadas al fomento de nuevas inversiones y detonaci\u00f3n del empleo productivo en esta regi\u00f3n. Como presidente del Consejo de Econom\u00eda Regional Olmeca, fue<a class=\"read-more\" href=\"https:\/\/globalnewsmexico.com\/sitio\/amado-cruz-malpica-en-la-instalacion-del-consejo-de-economia-regional-olmeca\/\">Leer m\u00e1s<\/a><\/p>\n","protected":false},"author":5,"featured_media":54267,"comment_status":"closed","ping_status":"open","sticky":false,"template":"","format":"standard","meta":{"spay_email":"","footnotes":""},"categories":[37,8,50,52],"tags":[],"jetpack_featured_media_url":"https:\/\/i2.wp.com\/globalnewsmexico.com\/sitio\/wp-content\/uploads\/2020\/09\/a4bcc6ae-5e5c-4421-a29e-b4ecdefdf597.jpg?fit=1040%2C693&ssl=1","jetpack_sharing_enabled":true,"jetpack_shortlink":"https:\/\/wp.me\/p9yqPL-e7d","jetpack_likes_enabled":true,"_links":{"self":[{"href":"https:\/\/globalnewsmexico.com\/sitio\/wp-json\/wp\/v2\/posts\/54263"}],"collection":[{"href":"https:\/\/globalnewsmexico.com\/sitio\/wp-json\/wp\/v2\/posts"}],"about":[{"href":"https:\/\/globalnewsmexico.com\/sitio\/wp-json\/wp\/v2\/types\/post"}],"author":[{"embeddable":true,"href":"https:\/\/globalnewsmexico.com\/sitio\/wp-json\/wp\/v2\/users\/5"}],"replies":[{"embeddable":true,"href":"https:\/\/globalnewsmexico.com\/sitio\/wp-json\/wp\/v2\/comments?post=54263"}],"version-history":[{"count":0,"href":"https:\/\/globalnewsmexico.com\/sitio\/wp-json\/wp\/v2\/posts\/54263\/revisions"}],"wp:featuredmedia":[{"embeddable":true,"href":"https:\/\/globalnewsmexico.com\/sitio\/wp-json\/wp\/v2\/media\/54267"}],"wp:attachment":[{"href":"https:\/\/globalnewsmexico.com\/sitio\/wp-json\/wp\/v2\/media?parent=54263"}],"wp:term":[{"taxonomy":"category","embeddable":true,"href":"https:\/\/globalnewsmexico.com\/sitio\/wp-json\/wp\/v2\/categories?post=54263"},{"taxonomy":"post_tag","embeddable":true,"href":"https:\/\/globalnewsmexico.com\/sitio\/wp-json\/wp\/v2\/tags?post=54263"}],"curies":[{"name":"wp","href":"https:\/\/api.w.org\/{rel}","templated":true}]}}