{"id":54274,"date":"2020-09-24T09:51:26","date_gmt":"2020-09-24T14:51:26","guid":{"rendered":"http:\/\/globalnewsmexico.com\/sitio\/?p=54274"},"modified":"2020-09-24T09:51:31","modified_gmt":"2020-09-24T14:51:31","slug":"inflacion-sube-a-4-10-fuera-del-objetivo-del-banxico","status":"publish","type":"post","link":"https:\/\/globalnewsmexico.com\/sitio\/inflacion-sube-a-4-10-fuera-del-objetivo-del-banxico\/","title":{"rendered":"Inflaci\u00f3n sube a 4.10 %, fuera del objetivo del Banxico"},"content":{"rendered":"\n<p>Durante la primera quincena de septiembre, el \u00cdndice Nacional de Precios al Consumidor (INPC) aument\u00f3 0.16 por ciento quincenal, con lo que la\u00a0tasa de inflaci\u00f3n anual se ubic\u00f3 en 4.10 por ciento, fuera del rango objetivo del Banco de M\u00e9xico (Banxico).<\/p>\n\n\n\n<p>De acuerdo con cifras desestacionalizadas del Instituto Nacional de Estad\u00edstica y Geograf\u00eda (Inegi), el aumento de la inflaci\u00f3n en la primera mitad de septiembre se debi\u00f3 a un\u00a0alza en el precio de productos como cebolla, pollo, autom\u00f3viles, chile serrano, lim\u00f3n y electricidad.<\/p>\n\n\n\n<p>En tanto, en dicho periodo bajaron de precio el jitomate, huevo, aguacate, naranja, gas LP, pl\u00e1tanos, cerveza y pa\u00f1ales, detall\u00f3 en instituto.<\/p>\n\n\n\n<p>El \u00edndice de precios subyacente, que elimina del c\u00e1lculo bienes y servicios vol\u00e1tiles como agropecuarios y energ\u00e9ticos, tuvo un alza de 0.17 por ciento quincenal y de 3.99 por ciento anual. En tanto, el \u00edndice de precios no subyacente subi\u00f3 0.15 por ciento quincenal y 4.44 por ciento anual.<\/p>\n\n\n\n<p>Al interior del \u00edndice de precios subyacente, los\u00a0precios de las mercanc\u00edas\u00a0subieron 0.16 por ciento y los precios de los servicios 0.17 por ciento, en comparaci\u00f3n con la quincena previa.<\/p>\n\n\n\n<p>Dentro del \u00edndice de precios no subyacente, los precios de los productos agropecuarios se elevaron 0.17 por ciento quincenal y los de los energ\u00e9ticos y tarifas autorizadas por el gobierno lo hicieron en 0.14 por ciento.<\/p>\n\n\n\n<p>Fuente: Milenio<\/p>\n","protected":false},"excerpt":{"rendered":"<p>Durante la primera quincena de septiembre, el \u00cdndice Nacional de Precios al Consumidor (INPC) aument\u00f3 0.16 por ciento quincenal, con lo que la\u00a0tasa de inflaci\u00f3n anual se ubic\u00f3 en 4.10 por ciento, fuera del rango objetivo del Banco de M\u00e9xico (Banxico). De acuerdo con cifras desestacionalizadas del Instituto Nacional de Estad\u00edstica y Geograf\u00eda (Inegi), el<a class=\"read-more\" href=\"https:\/\/globalnewsmexico.com\/sitio\/inflacion-sube-a-4-10-fuera-del-objetivo-del-banxico\/\">Leer m\u00e1s<\/a><\/p>\n","protected":false},"author":5,"featured_media":54275,"comment_status":"closed","ping_status":"open","sticky":false,"template":"","format":"standard","meta":{"spay_email":"","footnotes":""},"categories":[37,8,39,52],"tags":[],"jetpack_featured_media_url":"https:\/\/i1.wp.com\/globalnewsmexico.com\/sitio\/wp-content\/uploads\/2020\/09\/sector-agropecuario-poblano-oportunidades-usmca_0_23_1024_637.jpg?fit=958%2C596&ssl=1","jetpack_sharing_enabled":true,"jetpack_shortlink":"https:\/\/wp.me\/p9yqPL-e7o","jetpack_likes_enabled":true,"_links":{"self":[{"href":"https:\/\/globalnewsmexico.com\/sitio\/wp-json\/wp\/v2\/posts\/54274"}],"collection":[{"href":"https:\/\/globalnewsmexico.com\/sitio\/wp-json\/wp\/v2\/posts"}],"about":[{"href":"https:\/\/globalnewsmexico.com\/sitio\/wp-json\/wp\/v2\/types\/post"}],"author":[{"embeddable":true,"href":"https:\/\/globalnewsmexico.com\/sitio\/wp-json\/wp\/v2\/users\/5"}],"replies":[{"embeddable":true,"href":"https:\/\/globalnewsmexico.com\/sitio\/wp-json\/wp\/v2\/comments?post=54274"}],"version-history":[{"count":0,"href":"https:\/\/globalnewsmexico.com\/sitio\/wp-json\/wp\/v2\/posts\/54274\/revisions"}],"wp:featuredmedia":[{"embeddable":true,"href":"https:\/\/globalnewsmexico.com\/sitio\/wp-json\/wp\/v2\/media\/54275"}],"wp:attachment":[{"href":"https:\/\/globalnewsmexico.com\/sitio\/wp-json\/wp\/v2\/media?parent=54274"}],"wp:term":[{"taxonomy":"category","embeddable":true,"href":"https:\/\/globalnewsmexico.com\/sitio\/wp-json\/wp\/v2\/categories?post=54274"},{"taxonomy":"post_tag","embeddable":true,"href":"https:\/\/globalnewsmexico.com\/sitio\/wp-json\/wp\/v2\/tags?post=54274"}],"curies":[{"name":"wp","href":"https:\/\/api.w.org\/{rel}","templated":true}]}}