{"id":54352,"date":"2020-09-25T12:47:50","date_gmt":"2020-09-25T17:47:50","guid":{"rendered":"http:\/\/globalnewsmexico.com\/sitio\/?p=54352"},"modified":"2020-09-25T12:47:54","modified_gmt":"2020-09-25T17:47:54","slug":"rio-de-janeiro-suspende-su-carnaval-de-2021-por-covid-19","status":"publish","type":"post","link":"https:\/\/globalnewsmexico.com\/sitio\/rio-de-janeiro-suspende-su-carnaval-de-2021-por-covid-19\/","title":{"rendered":"R\u00edo de Janeiro suspende su Carnaval de 2021 por Covid-19"},"content":{"rendered":"\n<p>En R\u00edo de Janeiro, Brasil, suspendieron el Carnaval de 2021 debido a la pandemia del Covid-19.<\/p>\n\n\n\n<p>Las escuelas de samba tomaron esta decisi\u00f3n, al asegurar que no tienen tiempo ni recursos financieros y organizativos para organizarlo en el pr\u00f3ximo mes de febrero.<\/p>\n\n\n\n<p>Jorge Castanheiras, presidente de la Liga Independiente de Escuelas de Samba, aclar\u00f3 que no es una cancelaci\u00f3n, sino un aplazamiento, por lo que buscan alternativas para fijar una fecha que sea segura para la poblaci\u00f3n.<\/p>\n\n\n\n<p>Fuente: Agencias<\/p>\n","protected":false},"excerpt":{"rendered":"<p>En R\u00edo de Janeiro, Brasil, suspendieron el Carnaval de 2021 debido a la pandemia del Covid-19. Las escuelas de samba tomaron esta decisi\u00f3n, al asegurar que no tienen tiempo ni recursos financieros y organizativos para organizarlo en el pr\u00f3ximo mes de febrero. Jorge Castanheiras, presidente de la Liga Independiente de Escuelas de Samba, aclar\u00f3 que<a class=\"read-more\" href=\"https:\/\/globalnewsmexico.com\/sitio\/rio-de-janeiro-suspende-su-carnaval-de-2021-por-covid-19\/\">Leer m\u00e1s<\/a><\/p>\n","protected":false},"author":5,"featured_media":54353,"comment_status":"closed","ping_status":"open","sticky":false,"template":"","format":"standard","meta":{"spay_email":"","footnotes":""},"categories":[37,8,48,52],"tags":[],"jetpack_featured_media_url":"https:\/\/i2.wp.com\/globalnewsmexico.com\/sitio\/wp-content\/uploads\/2020\/09\/1122817.jpg?fit=1024%2C683&ssl=1","jetpack_sharing_enabled":true,"jetpack_shortlink":"https:\/\/wp.me\/p9yqPL-e8E","jetpack_likes_enabled":true,"_links":{"self":[{"href":"https:\/\/globalnewsmexico.com\/sitio\/wp-json\/wp\/v2\/posts\/54352"}],"collection":[{"href":"https:\/\/globalnewsmexico.com\/sitio\/wp-json\/wp\/v2\/posts"}],"about":[{"href":"https:\/\/globalnewsmexico.com\/sitio\/wp-json\/wp\/v2\/types\/post"}],"author":[{"embeddable":true,"href":"https:\/\/globalnewsmexico.com\/sitio\/wp-json\/wp\/v2\/users\/5"}],"replies":[{"embeddable":true,"href":"https:\/\/globalnewsmexico.com\/sitio\/wp-json\/wp\/v2\/comments?post=54352"}],"version-history":[{"count":0,"href":"https:\/\/globalnewsmexico.com\/sitio\/wp-json\/wp\/v2\/posts\/54352\/revisions"}],"wp:featuredmedia":[{"embeddable":true,"href":"https:\/\/globalnewsmexico.com\/sitio\/wp-json\/wp\/v2\/media\/54353"}],"wp:attachment":[{"href":"https:\/\/globalnewsmexico.com\/sitio\/wp-json\/wp\/v2\/media?parent=54352"}],"wp:term":[{"taxonomy":"category","embeddable":true,"href":"https:\/\/globalnewsmexico.com\/sitio\/wp-json\/wp\/v2\/categories?post=54352"},{"taxonomy":"post_tag","embeddable":true,"href":"https:\/\/globalnewsmexico.com\/sitio\/wp-json\/wp\/v2\/tags?post=54352"}],"curies":[{"name":"wp","href":"https:\/\/api.w.org\/{rel}","templated":true}]}}