{"id":54359,"date":"2020-09-25T14:03:29","date_gmt":"2020-09-25T19:03:29","guid":{"rendered":"http:\/\/globalnewsmexico.com\/sitio\/?p=54359"},"modified":"2020-09-25T14:03:32","modified_gmt":"2020-09-25T19:03:32","slug":"rechazan-cheque-con-el-que-pagarian-premios-de-la-rifa-del-avion-presidencial","status":"publish","type":"post","link":"https:\/\/globalnewsmexico.com\/sitio\/rechazan-cheque-con-el-que-pagarian-premios-de-la-rifa-del-avion-presidencial\/","title":{"rendered":"Rechazan cheque con el que pagar\u00edan premios de la rifa del avi\u00f3n presidencial"},"content":{"rendered":"\n<p>El famoso cheque\u00a0que la Fiscal\u00eda General de la Rep\u00fablica (FGR) entreg\u00f3 al Gobierno federal y\u00a0que, supuestamente, pagar\u00eda los premios de la rifa del avi\u00f3n presidencial, fue rechazado\u00a0por el Instituto para Devolver al Pueblo lo Robado (Indep).<\/p>\n\n\n\n<p>Bajo la gesti\u00f3n de Jaime C\u00e1rdenas,\u00a0el Indep decidi\u00f3 devolverlo a la FGR porque los 2 mil millones de pesos no contaban con la figura legal de un \u00abaseguramiento\u00bb, que es producto de un presunto delito.<\/p>\n\n\n\n<p>Documentos oficiales\u00a0revelan que en junio pasado, el Indep solicit\u00f3 a la FGR enviarle sobre la legalidad\u00a0para disponer de los recursos y el destino que deb\u00edan dar al dinero.<\/p>\n\n\n\n<p>La fiscal Emma V\u00e1squez respondi\u00f3 el 1 de julio que hasta ese momento no exist\u00eda legalmente el aseguramiento.<\/p>\n\n\n\n<p>\u00abEn la carpeta de investigaci\u00f3n no existe acuerdo de aseguramiento, respecto de la cantidad de 2 mil millones de pesos, que fue consignada al Indep\u00bb, dijo la fiscal.<br>Ante dicha respuesta, el director Corporativo de Bienes del Indep, Andr\u00e9s \u00c1lvarez Kuri, decidi\u00f3 regresar el cheque.<\/p>\n\n\n\n<p>Esta respuesta ocasion\u00f3 que el 22 de julio el Indep decidiera regresar los recursos a la Fiscal\u00eda, mediante un oficio en el que solicit\u00f3 con urgencia al Ministerio P\u00fablico Federal indicarle fecha y hora para formalizar su devoluci\u00f3n.<\/p>\n\n\n\n<p>\u00abEste instituto solo cuenta con atribuciones para recibir y administrar numerario (dinero efectivo) asegurado en procedimientos penales federales, hasta en tanto la autoridad competente determine el destino, situaci\u00f3n que no es aplicable en el caso que nos ocupa\u00bb, dijo por escrito Andr\u00e9s \u00c1lvarez Kuri, director Corporativo de Bienes del instituto.<\/p>\n\n\n\n<p>Hasta el momento,\u00a0la FGR mantiene los recursos en una cuenta abierta en la sucursal 116 de BBVA Bancomer y se encuentran en un limbo legal, que impide que sean utilizados por el Gobierno.<\/p>\n\n\n\n<p>La empresa Telra Ralty entreg\u00f3 el 10 de febrero a la Fiscal\u00eda los 2 mil millones de pesos, como parte de un acuerdo reparatorio dentro de la indagatoria por la indemnizaci\u00f3n que pag\u00f3 el Infonavit a esa compa\u00f1\u00eda.<\/p>\n\n\n\n<h4 class=\"wp-block-heading\">AMLO asegura que FGR es aval del premio para rifa<\/h4>\n\n\n\n<p>Luego que Indep devolvi\u00f3 cheque,\u00a0el presidente L\u00f3pez Obrador insisti\u00f3 que el dinero est\u00e1 asegurado y es un asunto de tr\u00e1mite y procedimiento.<\/p>\n\n\n\n<p>Sostuvo que\u00a0el aval es la Fiscal\u00eda y que est\u00e1 demostrada la integridad\u00a0del fiscal Alejandro Gertz.<\/p>\n\n\n\n<p>\u00abEs un asunto de procedimiento, porque como sigue el juicio, porque hay una defraudaci\u00f3n, como dicen los abogados, probable o presunta para no violar el debido proceso, sigue litigio pero est\u00e1 asegurado el dinero.<\/p>\n\n\n\n<p>Si desaparece el dinero, pues tendr\u00eda que renunciar el presidente y el fiscal, pero no solo renunciar sino ser procesado\u00bb, afirm\u00f3 en conferencia ma\u00f1anera.<\/p>\n\n\n\n<p>El mandatario\u00a0se\u00f1al\u00f3 que se busca confundir\u00a0y atacar al Gobierno.<\/p>\n\n\n\n<p>\u00abPero, qu\u00e9 se busca con todo esto, confundir, es el hampa del periodismo y la m\u00e1xima de que la calumnia cuando no manches, tizna\u00bb, se\u00f1al\u00f3.<\/p>\n\n\n\n<p>\u00abEl peri\u00f3dico (Reforma) est\u00e1 dedicado a atacar al Gobierno y tambi\u00e9n es entendible, bueno, lo acabamos de ver con los art\u00edculos, todos en contra, pero este peri\u00f3dico lo apoy\u00f3 Salinas, el padre de la desigualdad moderna, pero no hay censura, nada m\u00e1s es aclarar\u00bb.<\/p>\n\n\n\n<p>Fuente: Reforma<\/p>\n","protected":false},"excerpt":{"rendered":"<p>El famoso cheque\u00a0que la Fiscal\u00eda General de la Rep\u00fablica (FGR) entreg\u00f3 al Gobierno federal y\u00a0que, supuestamente, pagar\u00eda los premios de la rifa del avi\u00f3n presidencial, fue rechazado\u00a0por el Instituto para Devolver al Pueblo lo Robado (Indep). Bajo la gesti\u00f3n de Jaime C\u00e1rdenas,\u00a0el Indep decidi\u00f3 devolverlo a la FGR porque los 2 mil millones de pesos<a class=\"read-more\" href=\"https:\/\/globalnewsmexico.com\/sitio\/rechazan-cheque-con-el-que-pagarian-premios-de-la-rifa-del-avion-presidencial\/\">Leer m\u00e1s<\/a><\/p>\n","protected":false},"author":5,"featured_media":54360,"comment_status":"closed","ping_status":"open","sticky":false,"template":"","format":"standard","meta":{"spay_email":"","footnotes":""},"categories":[37,8,39,52],"tags":[],"jetpack_featured_media_url":"https:\/\/i1.wp.com\/globalnewsmexico.com\/sitio\/wp-content\/uploads\/2020\/09\/amlocheque-621x354-1.jpg?fit=1040%2C638&ssl=1","jetpack_sharing_enabled":true,"jetpack_shortlink":"https:\/\/wp.me\/p9yqPL-e8L","jetpack_likes_enabled":true,"_links":{"self":[{"href":"https:\/\/globalnewsmexico.com\/sitio\/wp-json\/wp\/v2\/posts\/54359"}],"collection":[{"href":"https:\/\/globalnewsmexico.com\/sitio\/wp-json\/wp\/v2\/posts"}],"about":[{"href":"https:\/\/globalnewsmexico.com\/sitio\/wp-json\/wp\/v2\/types\/post"}],"author":[{"embeddable":true,"href":"https:\/\/globalnewsmexico.com\/sitio\/wp-json\/wp\/v2\/users\/5"}],"replies":[{"embeddable":true,"href":"https:\/\/globalnewsmexico.com\/sitio\/wp-json\/wp\/v2\/comments?post=54359"}],"version-history":[{"count":0,"href":"https:\/\/globalnewsmexico.com\/sitio\/wp-json\/wp\/v2\/posts\/54359\/revisions"}],"wp:featuredmedia":[{"embeddable":true,"href":"https:\/\/globalnewsmexico.com\/sitio\/wp-json\/wp\/v2\/media\/54360"}],"wp:attachment":[{"href":"https:\/\/globalnewsmexico.com\/sitio\/wp-json\/wp\/v2\/media?parent=54359"}],"wp:term":[{"taxonomy":"category","embeddable":true,"href":"https:\/\/globalnewsmexico.com\/sitio\/wp-json\/wp\/v2\/categories?post=54359"},{"taxonomy":"post_tag","embeddable":true,"href":"https:\/\/globalnewsmexico.com\/sitio\/wp-json\/wp\/v2\/tags?post=54359"}],"curies":[{"name":"wp","href":"https:\/\/api.w.org\/{rel}","templated":true}]}}