{"id":54414,"date":"2020-09-26T13:14:55","date_gmt":"2020-09-26T18:14:55","guid":{"rendered":"http:\/\/globalnewsmexico.com\/sitio\/?p=54414"},"modified":"2020-09-26T13:14:59","modified_gmt":"2020-09-26T18:14:59","slug":"reportan-34-nuevos-detenidos-por-caso-ayotzinapa","status":"publish","type":"post","link":"https:\/\/globalnewsmexico.com\/sitio\/reportan-34-nuevos-detenidos-por-caso-ayotzinapa\/","title":{"rendered":"Reportan 34 nuevos detenidos por caso Ayotzinapa"},"content":{"rendered":"\n<p>El subsecretario de Derechos Humanos de la Secretar\u00eda de Gobernaci\u00f3n, Alejandro Encinas, inform\u00f3 que de marzo a la fecha han sido detenidos 34 nuevos involucrados en la desaparici\u00f3n de los 43 normalistas de Ayotzinapa, con lo que suman 80 los arrestados.<\/p>\n\n\n\n<p>Desde Palacio Nacional, al cumplirse seis a\u00f1os de la desaparici\u00f3n de los estudiantes normalistas, Alejandro Encinas se\u00f1al\u00f3 que dichas detenciones incluyen a integrantes de grupos delictivos, polic\u00edas y agentes del Ministerio P\u00fablico.<\/p>\n\n\n\n<p>\u00abDe marzo a la fecha se han librado 70 \u00f3rdenes de aprehensi\u00f3n de las 83 solicitadas por delincuencia organizada, desaparici\u00f3n forzada y tortura, y se ha detenido a 34 personas\u00bb,\u00a0indic\u00f3.<\/p>\n\n\n\n<p>\u201cEntre quienes se encuentran integrantes del grupo delictivo, polic\u00edas federales, ministeriales, agentes del Ministerio P\u00fablico federal, polic\u00edas federales y polic\u00edas municipales, con lo que suman 80 personas detenidas al momento\u00bb, inform\u00f3 en su discurso.<\/p>\n\n\n\n<p>Asimismo, destac\u00f3 las \u00f3rdenes de aprehensi\u00f3n contra Tom\u00e1s Zer\u00f3n, exjefe de la Agencia de Investigaci\u00f3n Criminal, y las detenciones de Carlos G\u00f3mez Arrieta, exjefe de la Polic\u00eda Federal ministerial, y de Alicia &#8216;N&#8217;, exministerio p\u00fablico encargada de legalizar la llamada verdad hist\u00f3rica.<\/p>\n\n\n\n<p>El funcionario lament\u00f3 la actuaci\u00f3n de jueces que han liberado a presuntos perpetuadores de la desaparici\u00f3n de los 43 estudiantes.<\/p>\n\n\n\n<p>\u00abEs el caso del juez Primero de Distrito de Procesos penales en Tamaulipas, Samuel Ventura Ramos, quien ha dictado la libertad absoluta e inmediata de 77 personas detenidas por su participaci\u00f3n en la desaparici\u00f3n forzada de los 43 estudiantes y a quienes se les hab\u00eda imputado en la comisi\u00f3n de diversos delitos, argumentando que fueron objeto de tortura\u00bb, apunt\u00f3.<\/p>\n\n\n\n<p>El subsecretario Alejandro Encinas asever\u00f3 que dichas resoluciones son una afrenta a las v\u00edctimas.<br><br>\u00abA los padres de familia y a la sociedad, son una burla a la justicia, alientan el silencio y la impunidad y dan cuenta de la corrupci\u00f3n que prevalece en distintas \u00e1reas del sistema de impartici\u00f3n de justicia en nuestro Pa\u00eds, y que es necesario transformar\u00bb.<\/p>\n\n\n\n<p>Fuente: Xeu Noticias<\/p>\n","protected":false},"excerpt":{"rendered":"<p>El subsecretario de Derechos Humanos de la Secretar\u00eda de Gobernaci\u00f3n, Alejandro Encinas, inform\u00f3 que de marzo a la fecha han sido detenidos 34 nuevos involucrados en la desaparici\u00f3n de los 43 normalistas de Ayotzinapa, con lo que suman 80 los arrestados. Desde Palacio Nacional, al cumplirse seis a\u00f1os de la desaparici\u00f3n de los estudiantes normalistas,<a class=\"read-more\" href=\"https:\/\/globalnewsmexico.com\/sitio\/reportan-34-nuevos-detenidos-por-caso-ayotzinapa\/\">Leer m\u00e1s<\/a><\/p>\n","protected":false},"author":5,"featured_media":54415,"comment_status":"closed","ping_status":"open","sticky":false,"template":"","format":"standard","meta":{"spay_email":"","footnotes":""},"categories":[37,8,39,52],"tags":[],"jetpack_featured_media_url":"https:\/\/i2.wp.com\/globalnewsmexico.com\/sitio\/wp-content\/uploads\/2020\/09\/1122978.jpg?fit=1024%2C599&ssl=1","jetpack_sharing_enabled":true,"jetpack_shortlink":"https:\/\/wp.me\/p9yqPL-e9E","jetpack_likes_enabled":true,"_links":{"self":[{"href":"https:\/\/globalnewsmexico.com\/sitio\/wp-json\/wp\/v2\/posts\/54414"}],"collection":[{"href":"https:\/\/globalnewsmexico.com\/sitio\/wp-json\/wp\/v2\/posts"}],"about":[{"href":"https:\/\/globalnewsmexico.com\/sitio\/wp-json\/wp\/v2\/types\/post"}],"author":[{"embeddable":true,"href":"https:\/\/globalnewsmexico.com\/sitio\/wp-json\/wp\/v2\/users\/5"}],"replies":[{"embeddable":true,"href":"https:\/\/globalnewsmexico.com\/sitio\/wp-json\/wp\/v2\/comments?post=54414"}],"version-history":[{"count":0,"href":"https:\/\/globalnewsmexico.com\/sitio\/wp-json\/wp\/v2\/posts\/54414\/revisions"}],"wp:featuredmedia":[{"embeddable":true,"href":"https:\/\/globalnewsmexico.com\/sitio\/wp-json\/wp\/v2\/media\/54415"}],"wp:attachment":[{"href":"https:\/\/globalnewsmexico.com\/sitio\/wp-json\/wp\/v2\/media?parent=54414"}],"wp:term":[{"taxonomy":"category","embeddable":true,"href":"https:\/\/globalnewsmexico.com\/sitio\/wp-json\/wp\/v2\/categories?post=54414"},{"taxonomy":"post_tag","embeddable":true,"href":"https:\/\/globalnewsmexico.com\/sitio\/wp-json\/wp\/v2\/tags?post=54414"}],"curies":[{"name":"wp","href":"https:\/\/api.w.org\/{rel}","templated":true}]}}