{"id":54481,"date":"2020-09-28T18:18:44","date_gmt":"2020-09-28T23:18:44","guid":{"rendered":"http:\/\/globalnewsmexico.com\/sitio\/?p=54481"},"modified":"2020-09-28T18:18:52","modified_gmt":"2020-09-28T23:18:52","slug":"debaten-jovenes-cordobeses-para-representar-a-cordoba-en-concurso-regional","status":"publish","type":"post","link":"https:\/\/globalnewsmexico.com\/sitio\/debaten-jovenes-cordobeses-para-representar-a-cordoba-en-concurso-regional\/","title":{"rendered":"Debaten j\u00f3venes cordobeses para representar a C\u00f3rdoba en concurso regional"},"content":{"rendered":"\n<p>Seis j\u00f3venes representar\u00e1n a C\u00f3rdoba en la final regional del primer concurso de debate Expresi\u00f3n Juvenil, realidad y actualidad, a celebrarse el 10 de octubre, inform\u00f3 Paulina Cozar Pe\u00f1a, directora del Instituto Juventud C\u00f3rdoba (IJC), tambi\u00e9n coorganizadora de este certamen.<\/p>\n\n\n\n<p>Durante la fase municipal, el jurado calificador determin\u00f3 que para la categor\u00eda A para j\u00f3venes de 15 a 20 a\u00f1os, el ganador fue David Hern\u00e1ndez Ortega; mientras que en la categor\u00eda B, en la concursaron j\u00f3venes de 21 a 26 a\u00f1os, el ganador fue Pedro Luis Hern\u00e1ndez Mar\u00edn.<\/p>\n\n\n\n<p>Amairani Mor\u00e1n Garc\u00eda y Carlos Rub\u00e9n Dom\u00ednguez, empataron por el segundo lugar de la categor\u00eda A, y Felipe de Jes\u00fas Chac\u00f3n Jim\u00e9nez y Pedro Iv\u00e1n Burgoa Baizabal, empataron el segundo lugar de la categor\u00eda B.<\/p>\n\n\n\n<p>El jurado integrado por Jorge L\u00f3pez Tress, director de educaci\u00f3n y deporte del Ayuntamiento de C\u00f3rdoba, el maestro Guillermo Andrade D\u00edaz, y por Omar Contreras Guzm\u00e1n, procurador municipal de protecci\u00f3n a ni\u00f1os, ni\u00f1as y adolescentes del SMDIF C\u00f3rdoba, calific\u00f3 la expresi\u00f3n verbal y corporal, la capacidad de improvisaci\u00f3n, as\u00ed como la seguridad durante la exposici\u00f3n.<\/p>\n\n\n\n<p>La Directora del IJC agradeci\u00f3 la confianza de los padres en el Instituto Juventud C\u00f3rdoba, as\u00ed como a los m\u00e1s de 30 aspirantes a participar en este primer concurso, que dijo contribuye al an\u00e1lisis y debate informado sobre temas que impactan la calidad de vida y el desarrollo de las y los j\u00f3venes.<\/p>\n\n\n\n<p>Cozar Pe\u00f1a refrend\u00f3 el compromiso de la administraci\u00f3n que encabeza Leticia L\u00f3pez Landero con el fomento e impulso de acciones que contribuyen al desarrollo integral de las personas j\u00f3venes, en el marco de la Agenda 2030.<\/p>\n\n\n\n<p>Las y los participantes se\u00f1alaron que este tipo de espacio promovido por el Ayuntamiento son positivos porque dan voz a las y los j\u00f3venes, y permite dar a conocer con su opini\u00f3n en temas que les involucran.<\/p>\n\n\n\n<p>Coincidieron en que es necesario ampliar estas experiencias a fin de que autoridad y sociedad conozcan las propuestas y el sentir de las personas j\u00f3venes y se facilite su integraci\u00f3n de forma m\u00e1s activa.<\/p>\n\n\n\n<p>Los seleccionados para participar en la fase intermunicipal contar\u00e1n con el apoyo del maestro Guillermo Andrade D\u00edaz para su preparaci\u00f3n.<\/p>\n","protected":false},"excerpt":{"rendered":"<p>Seis j\u00f3venes representar\u00e1n a C\u00f3rdoba en la final regional del primer concurso de debate Expresi\u00f3n Juvenil, realidad y actualidad, a celebrarse el 10 de octubre, inform\u00f3 Paulina Cozar Pe\u00f1a, directora del Instituto Juventud C\u00f3rdoba (IJC), tambi\u00e9n coorganizadora de este certamen. Durante la fase municipal, el jurado calificador determin\u00f3 que para la categor\u00eda A para j\u00f3venes<a class=\"read-more\" href=\"https:\/\/globalnewsmexico.com\/sitio\/debaten-jovenes-cordobeses-para-representar-a-cordoba-en-concurso-regional\/\">Leer m\u00e1s<\/a><\/p>\n","protected":false},"author":5,"featured_media":54483,"comment_status":"closed","ping_status":"open","sticky":false,"template":"","format":"standard","meta":{"spay_email":"","footnotes":""},"categories":[37,8,50,52],"tags":[],"jetpack_featured_media_url":"https:\/\/i1.wp.com\/globalnewsmexico.com\/sitio\/wp-content\/uploads\/2020\/09\/c4df770f-2d9f-4783-8393-cb0b8043496f.jpg?fit=1040%2C693&ssl=1","jetpack_sharing_enabled":true,"jetpack_shortlink":"https:\/\/wp.me\/p9yqPL-eaJ","jetpack_likes_enabled":true,"_links":{"self":[{"href":"https:\/\/globalnewsmexico.com\/sitio\/wp-json\/wp\/v2\/posts\/54481"}],"collection":[{"href":"https:\/\/globalnewsmexico.com\/sitio\/wp-json\/wp\/v2\/posts"}],"about":[{"href":"https:\/\/globalnewsmexico.com\/sitio\/wp-json\/wp\/v2\/types\/post"}],"author":[{"embeddable":true,"href":"https:\/\/globalnewsmexico.com\/sitio\/wp-json\/wp\/v2\/users\/5"}],"replies":[{"embeddable":true,"href":"https:\/\/globalnewsmexico.com\/sitio\/wp-json\/wp\/v2\/comments?post=54481"}],"version-history":[{"count":0,"href":"https:\/\/globalnewsmexico.com\/sitio\/wp-json\/wp\/v2\/posts\/54481\/revisions"}],"wp:featuredmedia":[{"embeddable":true,"href":"https:\/\/globalnewsmexico.com\/sitio\/wp-json\/wp\/v2\/media\/54483"}],"wp:attachment":[{"href":"https:\/\/globalnewsmexico.com\/sitio\/wp-json\/wp\/v2\/media?parent=54481"}],"wp:term":[{"taxonomy":"category","embeddable":true,"href":"https:\/\/globalnewsmexico.com\/sitio\/wp-json\/wp\/v2\/categories?post=54481"},{"taxonomy":"post_tag","embeddable":true,"href":"https:\/\/globalnewsmexico.com\/sitio\/wp-json\/wp\/v2\/tags?post=54481"}],"curies":[{"name":"wp","href":"https:\/\/api.w.org\/{rel}","templated":true}]}}