{"id":54495,"date":"2020-09-28T21:59:55","date_gmt":"2020-09-29T02:59:55","guid":{"rendered":"http:\/\/globalnewsmexico.com\/sitio\/?p=54495"},"modified":"2020-09-28T21:59:58","modified_gmt":"2020-09-29T02:59:58","slug":"participaran-5-mil-mexicanos-en-pruebas-de-vacuna-contra-covid-19-de-janssen","status":"publish","type":"post","link":"https:\/\/globalnewsmexico.com\/sitio\/participaran-5-mil-mexicanos-en-pruebas-de-vacuna-contra-covid-19-de-janssen\/","title":{"rendered":"Participar\u00e1n 5 mil mexicanos en pruebas de vacuna contra Covid-19 de Janssen"},"content":{"rendered":"\n<p>Autoridades de la Secretar\u00eda de Salud\u00a0y representantes de la farmac\u00e9utica Janssen han tenido tres reuniones, de cara a la realizaci\u00f3n de ensayos cl\u00ednicos fase tres para probar en M\u00e9xico la vacuna que esta compa\u00f1\u00eda desarrolla contra el Covid-19.<\/p>\n\n\n\n<p>La empresa perteneciente al\u00a0corporativo Johnson y Johnson, ya present\u00f3 su intenci\u00f3n de hacer pruebas en el pa\u00eds, dijo en conferencia el subsecretario de Prevenci\u00f3n y Promoci\u00f3n de la Salud,\u00a0Hugo L\u00f3pez-Gatell.<\/p>\n\n\n\n<p>\u201cHemos tenido tres reuniones para\u00a0el\u00a0ensayo cl\u00ednico,\u00a0que tendr\u00e1\u00a060 mil\u00a0voluntarios en diversos pa\u00edses,\u00a0y en\u00a0M\u00e9xico\u00a0participar\u00e1n 5 mil\u201d,\u00a0agreg\u00f3 el funcionario.<\/p>\n\n\n\n<p>As\u00ed lo dijo luego que el\u00a0canciller Marcelo Ebrard\u00a0mencionara que en octubre inician los ensayos de la\u00a0vacuna anticovid en M\u00e9xico, y que la Secretar\u00eda de Salud ten\u00eda m\u00e1s detalles del proceso.<\/p>\n\n\n\n<p>Ya hay un plan para reclutar a 15 mil voluntarios para probar tres vacunas distintas en la\u00a0Ciudad de M\u00e9xico. Los participantes ser\u00e1n captados a trav\u00e9s de los m\u00f3dulos de pruebas de Covid en las colonias de mayor prevalencia de la enfermedad de las alcald\u00edas Iztapalapa, Tlalpan y Xochimilco.<\/p>\n\n\n\n<p>Una de esas vacunas es precisamente la de Janssen,\u00a0que en su protocolo de investigaci\u00f3n incluye coordinarse con diversos hospitales, institutos y centros de investigaci\u00f3n privados para reclutar a los voluntarios.<\/p>\n\n\n\n<p>Entre las instituciones est\u00e1n los institutos nacionales de Enfermedades Respiratorias (INER), de Ciencias M\u00e9dicas y Nutrici\u00f3n Salvador Zubir\u00e1n, as\u00ed como el\u00a0Hospital General Manuel Gea Gonz\u00e1lez.<\/p>\n\n\n\n<p>Tambi\u00e9n el Instituto Nacional de Salud P\u00fablica (INSP), en el estado de Morelos; el\u00a0Hospital Civil Fray Antonio Alcalde, en Jalisco, y el Hospital Universitario de Nuevo\u00a0Le\u00f3n \u2018Doctor\u00a0Jose Eleuterio Gonzalez.<\/p>\n\n\n\n<p>Adem\u00e1s\u00a0de la\u00a0Unidad de Atenci\u00f3n\u00a0Medica\u00a0e Investigaci\u00f3n en Salud\u00a0(UNAMIS), situada\u00a0en M\u00e9rida, Yucat\u00e1n; CAIMED\u00a0Investigaci\u00f3n\u00a0en salud S.A. de C.V., en el Estado de M\u00e9xico y Ciudad de M\u00e9xico, y\u00a0Oaxaca Site Management Organization S.C.\u00a0(OSMO), en Oaxaca.<\/p>\n\n\n\n<p>Fuente: El Heraldo de M\u00e9xico<\/p>\n","protected":false},"excerpt":{"rendered":"<p>Autoridades de la Secretar\u00eda de Salud\u00a0y representantes de la farmac\u00e9utica Janssen han tenido tres reuniones, de cara a la realizaci\u00f3n de ensayos cl\u00ednicos fase tres para probar en M\u00e9xico la vacuna que esta compa\u00f1\u00eda desarrolla contra el Covid-19. La empresa perteneciente al\u00a0corporativo Johnson y Johnson, ya present\u00f3 su intenci\u00f3n de hacer pruebas en el pa\u00eds,<a class=\"read-more\" href=\"https:\/\/globalnewsmexico.com\/sitio\/participaran-5-mil-mexicanos-en-pruebas-de-vacuna-contra-covid-19-de-janssen\/\">Leer m\u00e1s<\/a><\/p>\n","protected":false},"author":5,"featured_media":54496,"comment_status":"closed","ping_status":"open","sticky":false,"template":"","format":"standard","meta":{"spay_email":"","footnotes":""},"categories":[37,8,39,52],"tags":[],"jetpack_featured_media_url":"https:\/\/i0.wp.com\/globalnewsmexico.com\/sitio\/wp-content\/uploads\/2020\/09\/vacuna-alemana.jpg?fit=1200%2C675&ssl=1","jetpack_sharing_enabled":true,"jetpack_shortlink":"https:\/\/wp.me\/p9yqPL-eaX","jetpack_likes_enabled":true,"_links":{"self":[{"href":"https:\/\/globalnewsmexico.com\/sitio\/wp-json\/wp\/v2\/posts\/54495"}],"collection":[{"href":"https:\/\/globalnewsmexico.com\/sitio\/wp-json\/wp\/v2\/posts"}],"about":[{"href":"https:\/\/globalnewsmexico.com\/sitio\/wp-json\/wp\/v2\/types\/post"}],"author":[{"embeddable":true,"href":"https:\/\/globalnewsmexico.com\/sitio\/wp-json\/wp\/v2\/users\/5"}],"replies":[{"embeddable":true,"href":"https:\/\/globalnewsmexico.com\/sitio\/wp-json\/wp\/v2\/comments?post=54495"}],"version-history":[{"count":0,"href":"https:\/\/globalnewsmexico.com\/sitio\/wp-json\/wp\/v2\/posts\/54495\/revisions"}],"wp:featuredmedia":[{"embeddable":true,"href":"https:\/\/globalnewsmexico.com\/sitio\/wp-json\/wp\/v2\/media\/54496"}],"wp:attachment":[{"href":"https:\/\/globalnewsmexico.com\/sitio\/wp-json\/wp\/v2\/media?parent=54495"}],"wp:term":[{"taxonomy":"category","embeddable":true,"href":"https:\/\/globalnewsmexico.com\/sitio\/wp-json\/wp\/v2\/categories?post=54495"},{"taxonomy":"post_tag","embeddable":true,"href":"https:\/\/globalnewsmexico.com\/sitio\/wp-json\/wp\/v2\/tags?post=54495"}],"curies":[{"name":"wp","href":"https:\/\/api.w.org\/{rel}","templated":true}]}}