{"id":54587,"date":"2020-09-30T10:26:41","date_gmt":"2020-09-30T15:26:41","guid":{"rendered":"http:\/\/globalnewsmexico.com\/sitio\/?p=54587"},"modified":"2020-09-30T10:26:47","modified_gmt":"2020-09-30T15:26:47","slug":"restriccion-a-cruces-en-frontera-con-ee-uu-fue-por-tema-de-salud-ebrard","status":"publish","type":"post","link":"https:\/\/globalnewsmexico.com\/sitio\/restriccion-a-cruces-en-frontera-con-ee-uu-fue-por-tema-de-salud-ebrard\/","title":{"rendered":"Restricci\u00f3n a cruces en frontera con EE. UU. fue por tema de salud: Ebrard"},"content":{"rendered":"\n<p>Las restricciones a cruces no esenciales en la frontera com\u00fan entre\u00a0M\u00e9xico\u00a0y\u00a0Estados Unidos\u00a0se extendieron un mes m\u00e1s por las disposiciones de la\u00a0Secretar\u00eda de Salud,\u00a0en la atenci\u00f3n de la pandemia de\u00a0Covid-19, asegur\u00f3 el canciller Marcelo Ebrard.<\/p>\n\n\n\n<p>En la conferencia matutina dijo que los\u00a0estados fronterizos\u00a0en\u00a0M\u00e9xico\u00a0permanecen en color amarillo en el sem\u00e1foro de riesgo\u00a0epidemiol\u00f3gico por Covid-19, por lo que no puede haber una apertura total de las actividades en las entidades.<\/p>\n\n\n\n<p>\u201cEs una decisi\u00f3n t\u00e9cnica derivada de las disposiciones de la\u00a0Secretar\u00eda de\u00a0Salud\u00a0sobre los sem\u00e1foros, no podemos suspender todas las\u00a0restricciones\u00a0hasta que no estemos en verde, a eso obedece, no hay otra raz\u00f3n\u201d, explic\u00f3.<\/p>\n\n\n\n<p>Marcelo Ebrard\u00a0se\u00f1al\u00f3 que se acord\u00f3 con el Gobierno\u00a0de\u00a0Estados Unidos\u00a0levantar las restricciones hasta que se mueva el sem\u00e1foro de riesgo epidemiol\u00f3gico.<\/p>\n\n\n\n<p>\u201cEsperamos que muy pronto se pueda regularizar, de todos los estados de la frontera la\u00a0Secretar\u00eda de Salud\u00a0determin\u00f3 que est\u00e1n amarillo, todos salvo uno que es\u00a0Nuevo Le\u00f3n. Entonces tenemos que esperar a que el sem\u00e1foro se mueva porque eso es lo que convenimos con\u00a0Estados Unidos, no podr\u00edamos levantar esas medidas cuando nuestro propio mapa dice que tiene que haber ciertas restricciones\u201d, asegur\u00f3 el\u00a0canciller.<\/p>\n\n\n\n<p>Fuente: El Heraldo de M\u00e9xico<\/p>\n","protected":false},"excerpt":{"rendered":"<p>Las restricciones a cruces no esenciales en la frontera com\u00fan entre\u00a0M\u00e9xico\u00a0y\u00a0Estados Unidos\u00a0se extendieron un mes m\u00e1s por las disposiciones de la\u00a0Secretar\u00eda de Salud,\u00a0en la atenci\u00f3n de la pandemia de\u00a0Covid-19, asegur\u00f3 el canciller Marcelo Ebrard. En la conferencia matutina dijo que los\u00a0estados fronterizos\u00a0en\u00a0M\u00e9xico\u00a0permanecen en color amarillo en el sem\u00e1foro de riesgo\u00a0epidemiol\u00f3gico por Covid-19, por lo que<a class=\"read-more\" href=\"https:\/\/globalnewsmexico.com\/sitio\/restriccion-a-cruces-en-frontera-con-ee-uu-fue-por-tema-de-salud-ebrard\/\">Leer m\u00e1s<\/a><\/p>\n","protected":false},"author":5,"featured_media":54589,"comment_status":"closed","ping_status":"open","sticky":false,"template":"","format":"standard","meta":{"spay_email":"","footnotes":""},"categories":[37,8,40,52],"tags":[],"jetpack_featured_media_url":"https:\/\/i2.wp.com\/globalnewsmexico.com\/sitio\/wp-content\/uploads\/2020\/09\/Ebrard.jpg?fit=1040%2C677&ssl=1","jetpack_sharing_enabled":true,"jetpack_shortlink":"https:\/\/wp.me\/p9yqPL-ecr","jetpack_likes_enabled":true,"_links":{"self":[{"href":"https:\/\/globalnewsmexico.com\/sitio\/wp-json\/wp\/v2\/posts\/54587"}],"collection":[{"href":"https:\/\/globalnewsmexico.com\/sitio\/wp-json\/wp\/v2\/posts"}],"about":[{"href":"https:\/\/globalnewsmexico.com\/sitio\/wp-json\/wp\/v2\/types\/post"}],"author":[{"embeddable":true,"href":"https:\/\/globalnewsmexico.com\/sitio\/wp-json\/wp\/v2\/users\/5"}],"replies":[{"embeddable":true,"href":"https:\/\/globalnewsmexico.com\/sitio\/wp-json\/wp\/v2\/comments?post=54587"}],"version-history":[{"count":0,"href":"https:\/\/globalnewsmexico.com\/sitio\/wp-json\/wp\/v2\/posts\/54587\/revisions"}],"wp:featuredmedia":[{"embeddable":true,"href":"https:\/\/globalnewsmexico.com\/sitio\/wp-json\/wp\/v2\/media\/54589"}],"wp:attachment":[{"href":"https:\/\/globalnewsmexico.com\/sitio\/wp-json\/wp\/v2\/media?parent=54587"}],"wp:term":[{"taxonomy":"category","embeddable":true,"href":"https:\/\/globalnewsmexico.com\/sitio\/wp-json\/wp\/v2\/categories?post=54587"},{"taxonomy":"post_tag","embeddable":true,"href":"https:\/\/globalnewsmexico.com\/sitio\/wp-json\/wp\/v2\/tags?post=54587"}],"curies":[{"name":"wp","href":"https:\/\/api.w.org\/{rel}","templated":true}]}}