{"id":54602,"date":"2020-09-30T12:22:57","date_gmt":"2020-09-30T17:22:57","guid":{"rendered":"http:\/\/globalnewsmexico.com\/sitio\/?p=54602"},"modified":"2020-09-30T12:23:00","modified_gmt":"2020-09-30T17:23:00","slug":"regreso-a-clases-presenciales-en-chiapas-seria-voluntario-ocurriria-en-noviembre","status":"publish","type":"post","link":"https:\/\/globalnewsmexico.com\/sitio\/regreso-a-clases-presenciales-en-chiapas-seria-voluntario-ocurriria-en-noviembre\/","title":{"rendered":"Regreso a clases presenciales en Chiapas ser\u00eda \u00abvoluntario\u00bb; ocurrir\u00eda en noviembre"},"content":{"rendered":"\n<p>En\u00a0Chiapas, el regreso a clases presenciales de nivel b\u00e1sico\u00a0podr\u00eda ser en noviembre y de manera\u00a0voluntaria, inform\u00f3 Rosa Aid\u00e9 Dom\u00ednguez, secretaria de Educaci\u00f3n estatal, ante el posible paso de la entidad a sem\u00e1foro verde.<\/p>\n\n\n\n<p>En entrevista con\u00a0Milenio Televisi\u00f3n, la funcionaria dijo que \u00abser\u00e1 un proceso muy paulatino y escalonado, pero sobre todo muy voluntario para los padres de familia\u201d.<\/p>\n\n\n\n<p>\u00abEn la actualidad, tenemos en un 70 por ciento de nuestras escuelas ya la presencia de maestros, atendiendo a padres de familia y atendiendo a peque\u00f1os grupos reducidos de ni\u00f1os, de entre 10 y 15 ni\u00f1os, donde las condiciones as\u00ed lo permiten, donde los padres de familia est\u00e1n ya acerc\u00e1ndose a las escuelas, ya tenemos una muy buena presencia de maestros que han decidido ya ir a la escuela. Esta es la segunda o tercera semana que est\u00e1 ocurriendo eso en el estado\u00bb, inform\u00f3.\u00a0<\/p>\n\n\n\n<p>Rosa Aid\u00e9 Dom\u00ednguez puntualiz\u00f3 que una vez que la entidad est\u00e9 en color verde del sem\u00e1foro epidemiol\u00f3gico, se estar\u00edan alistando las aulas ante este posible regreso presencial.&nbsp;<\/p>\n\n\n\n<p>Adem\u00e1s, dijo, unas dos o tres semanas antes del regreso habr\u00e1 reuniones primero con los padres de familia, siempre cuidando la sana distancia.<\/p>\n\n\n\n<p>Fuente: Milenio<\/p>\n","protected":false},"excerpt":{"rendered":"<p>En\u00a0Chiapas, el regreso a clases presenciales de nivel b\u00e1sico\u00a0podr\u00eda ser en noviembre y de manera\u00a0voluntaria, inform\u00f3 Rosa Aid\u00e9 Dom\u00ednguez, secretaria de Educaci\u00f3n estatal, ante el posible paso de la entidad a sem\u00e1foro verde. En entrevista con\u00a0Milenio Televisi\u00f3n, la funcionaria dijo que \u00abser\u00e1 un proceso muy paulatino y escalonado, pero sobre todo muy voluntario para los<a class=\"read-more\" href=\"https:\/\/globalnewsmexico.com\/sitio\/regreso-a-clases-presenciales-en-chiapas-seria-voluntario-ocurriria-en-noviembre\/\">Leer m\u00e1s<\/a><\/p>\n","protected":false},"author":5,"featured_media":54604,"comment_status":"closed","ping_status":"open","sticky":false,"template":"","format":"standard","meta":{"spay_email":"","footnotes":""},"categories":[37,8,49,52],"tags":[],"jetpack_featured_media_url":"https:\/\/i2.wp.com\/globalnewsmexico.com\/sitio\/wp-content\/uploads\/2020\/09\/regreso-clases-presenciales-sep-presenta.jpg?fit=958%2C596&ssl=1","jetpack_sharing_enabled":true,"jetpack_shortlink":"https:\/\/wp.me\/p9yqPL-ecG","jetpack_likes_enabled":true,"_links":{"self":[{"href":"https:\/\/globalnewsmexico.com\/sitio\/wp-json\/wp\/v2\/posts\/54602"}],"collection":[{"href":"https:\/\/globalnewsmexico.com\/sitio\/wp-json\/wp\/v2\/posts"}],"about":[{"href":"https:\/\/globalnewsmexico.com\/sitio\/wp-json\/wp\/v2\/types\/post"}],"author":[{"embeddable":true,"href":"https:\/\/globalnewsmexico.com\/sitio\/wp-json\/wp\/v2\/users\/5"}],"replies":[{"embeddable":true,"href":"https:\/\/globalnewsmexico.com\/sitio\/wp-json\/wp\/v2\/comments?post=54602"}],"version-history":[{"count":0,"href":"https:\/\/globalnewsmexico.com\/sitio\/wp-json\/wp\/v2\/posts\/54602\/revisions"}],"wp:featuredmedia":[{"embeddable":true,"href":"https:\/\/globalnewsmexico.com\/sitio\/wp-json\/wp\/v2\/media\/54604"}],"wp:attachment":[{"href":"https:\/\/globalnewsmexico.com\/sitio\/wp-json\/wp\/v2\/media?parent=54602"}],"wp:term":[{"taxonomy":"category","embeddable":true,"href":"https:\/\/globalnewsmexico.com\/sitio\/wp-json\/wp\/v2\/categories?post=54602"},{"taxonomy":"post_tag","embeddable":true,"href":"https:\/\/globalnewsmexico.com\/sitio\/wp-json\/wp\/v2\/tags?post=54602"}],"curies":[{"name":"wp","href":"https:\/\/api.w.org\/{rel}","templated":true}]}}