{"id":54677,"date":"2020-10-01T12:56:23","date_gmt":"2020-10-01T17:56:23","guid":{"rendered":"http:\/\/globalnewsmexico.com\/sitio\/?p=54677"},"modified":"2020-10-01T12:56:27","modified_gmt":"2020-10-01T17:56:27","slug":"argentina-decreta-luto-nacional-tras-muerte-de-quino-creador-de-mafalda","status":"publish","type":"post","link":"https:\/\/globalnewsmexico.com\/sitio\/argentina-decreta-luto-nacional-tras-muerte-de-quino-creador-de-mafalda\/","title":{"rendered":"Argentina decreta luto nacional tras muerte de &#8216;Quino&#8217;, creador de Mafalda"},"content":{"rendered":"\n<p>Argentina decret\u00f3 duelo nacional tras la muerte del creador de\u00a0Malfalda, el humorista y caricaturista Joaqu\u00edn Salvador Lavado Tej\u00f3n, conocido como\u00a0&#8216;Quino&#8217;, a quien desde hoy los edificios p\u00fablicos del pa\u00eds sudamericano le rindieron honor dejando sus banderas a media asta y realizando un funeral en privado, debido a la pandemia del coronavirus.\u00a0<\/p>\n\n\n\n<p>Desde el cantante Ricky Martin hasta el jugador de baloncesto Manu Gin\u00f3bili, pasando por pol\u00edticos y artistas, escribieron en las redes sociales para\u00a0rendirle tributo a\u00a0Quino, un d\u00eda despu\u00e9s de la muerte del padre de la famosa ni\u00f1a\u00a0Mafalda.<\/p>\n\n\n\n<p>\u201cPocas cosas tan tristes como que ya no est\u00e9\u00a0Quino\u201d, dijo el escritor colombiano Ricardo Silva Romero en su cuenta de Twitter.<\/p>\n\n\n\n<p>Joaqu\u00edn Salvador Lavado\u00a0muri\u00f3 en su ciudad natal, en Mendoza, a los 88 a\u00f1os, luego de sufrir un accidente cerebrovascular. Era viudo y no ten\u00eda hijos.<\/p>\n\n\n\n<p>Una sobrina de\u00a0Quino\u00a0dijo a diarios locales que\u00a0su cuerpo ser\u00e1 cremados en una ceremonia \u00edntima, dadas las restricciones por la crisis sanitaria en el mundo.<\/p>\n\n\n\n<p>Con flores y mensajes de agradecimiento,\u00a0miles de personas en Argentina y el mundo recordaron al creador\u00a0de la ni\u00f1a contestataria que abogaba por un mundo mejor, defend\u00eda los derechos humanos y cuestionaba los abusos del poder.<\/p>\n\n\n\n<h3 class=\"wp-block-heading\">Escultura de Mafalda es como \u00abun centro de peregrinaci\u00f3n\u00bb<\/h3>\n\n\n\n<p>La estatua de Mafalda, la ni\u00f1a de pelo negro abultado que odia la sopa y ama a Los Beatles, en el barrio hist\u00f3rico de San Telmo, en el centro de Buenos Aires,\u00a0se llen\u00f3 de flores de lectores\u00a0que se acercaron a rendirle homenaje.<\/p>\n\n\n\n<p>\u201cEste lugar para nosotros es muy importante, porque es casi un lugar de peregrinaci\u00f3n, hay colas de turistas todos los fines de semana\u201d, dijo ayer Dami\u00e1n Losada, un trabajador social y comediante de 55 a\u00f1os.<\/p>\n\n\n\n<div class=\"wp-block-group\"><div class=\"wp-block-group__inner-container is-layout-flow wp-block-group-is-layout-flow\">\n<p>\u201cMe pareci\u00f3 adecuado venir a saludar a Mafalda, Manolito y a Susanita, ya que hoy,\u00a0si todos nos sentimos un poco hu\u00e9rfanos, ellos supongo que m\u00e1s\u201d, agreg\u00f3 frente a la escultura refiri\u00e9ndose a algunos de los amigos de Mafalda, cuya banda se completaba con Miguelito, Libertad, Felipe, su hermano Guille y sus padres, con los que conformaba una t\u00edpica familia de clase media bonaerense.<\/p>\n<\/div><\/div>\n\n\n\n<p>Las historietas de\u00a0Mafalda, que\u00a0&#8216;Quino&#8217;\u00a0comenz\u00f3 a escribir en la d\u00e9cada de 1960\u00a0pero que trascendieron generaciones por la vigencia de sus ideas, fueron traducidas a 27 idiomas y le abrieron las puertas al reconocimiento internacional.<\/p>\n\n\n\n<p>Pero el autor public\u00f3 una veintena de libros, entre ellos &#8216;Gente en su sitio&#8217;, &#8216;\u00a1Qu\u00e9 presente impresentable!&#8217;, &#8216;Humano se nace&#8217; y &#8216;Simplemente&#8217;.<\/p>\n\n\n\n<p>Fuente: Agencias<\/p>\n","protected":false},"excerpt":{"rendered":"<p>Argentina decret\u00f3 duelo nacional tras la muerte del creador de\u00a0Malfalda, el humorista y caricaturista Joaqu\u00edn Salvador Lavado Tej\u00f3n, conocido como\u00a0&#8216;Quino&#8217;, a quien desde hoy los edificios p\u00fablicos del pa\u00eds sudamericano le rindieron honor dejando sus banderas a media asta y realizando un funeral en privado, debido a la pandemia del coronavirus.\u00a0 Desde el cantante Ricky<a class=\"read-more\" href=\"https:\/\/globalnewsmexico.com\/sitio\/argentina-decreta-luto-nacional-tras-muerte-de-quino-creador-de-mafalda\/\">Leer m\u00e1s<\/a><\/p>\n","protected":false},"author":5,"featured_media":54678,"comment_status":"closed","ping_status":"open","sticky":false,"template":"","format":"standard","meta":{"spay_email":"","footnotes":""},"categories":[37,8,48,52],"tags":[],"jetpack_featured_media_url":"https:\/\/i0.wp.com\/globalnewsmexico.com\/sitio\/wp-content\/uploads\/2020\/10\/flores-mensajes-agradecimiento-miles-personas.jpg?fit=958%2C596&ssl=1","jetpack_sharing_enabled":true,"jetpack_shortlink":"https:\/\/wp.me\/p9yqPL-edT","jetpack_likes_enabled":true,"_links":{"self":[{"href":"https:\/\/globalnewsmexico.com\/sitio\/wp-json\/wp\/v2\/posts\/54677"}],"collection":[{"href":"https:\/\/globalnewsmexico.com\/sitio\/wp-json\/wp\/v2\/posts"}],"about":[{"href":"https:\/\/globalnewsmexico.com\/sitio\/wp-json\/wp\/v2\/types\/post"}],"author":[{"embeddable":true,"href":"https:\/\/globalnewsmexico.com\/sitio\/wp-json\/wp\/v2\/users\/5"}],"replies":[{"embeddable":true,"href":"https:\/\/globalnewsmexico.com\/sitio\/wp-json\/wp\/v2\/comments?post=54677"}],"version-history":[{"count":0,"href":"https:\/\/globalnewsmexico.com\/sitio\/wp-json\/wp\/v2\/posts\/54677\/revisions"}],"wp:featuredmedia":[{"embeddable":true,"href":"https:\/\/globalnewsmexico.com\/sitio\/wp-json\/wp\/v2\/media\/54678"}],"wp:attachment":[{"href":"https:\/\/globalnewsmexico.com\/sitio\/wp-json\/wp\/v2\/media?parent=54677"}],"wp:term":[{"taxonomy":"category","embeddable":true,"href":"https:\/\/globalnewsmexico.com\/sitio\/wp-json\/wp\/v2\/categories?post=54677"},{"taxonomy":"post_tag","embeddable":true,"href":"https:\/\/globalnewsmexico.com\/sitio\/wp-json\/wp\/v2\/tags?post=54677"}],"curies":[{"name":"wp","href":"https:\/\/api.w.org\/{rel}","templated":true}]}}