{"id":54760,"date":"2020-10-02T18:50:02","date_gmt":"2020-10-02T23:50:02","guid":{"rendered":"http:\/\/globalnewsmexico.com\/sitio\/?p=54760"},"modified":"2020-10-02T18:50:06","modified_gmt":"2020-10-02T23:50:06","slug":"hospitalizan-a-donald-trump-para-ser-atendido-por-covid-19","status":"publish","type":"post","link":"https:\/\/globalnewsmexico.com\/sitio\/hospitalizan-a-donald-trump-para-ser-atendido-por-covid-19\/","title":{"rendered":"Hospitalizan a Donald Trump para ser atendido por Covid-19"},"content":{"rendered":"\n<p>El presidente de Estados Unidos, Donald Trump,\u00a0pasar\u00e1 \u201cunos d\u00edas\u201d en un hospital militar a recomendaci\u00f3n de sus m\u00e9dicos, despu\u00e9s de que enfermara de Covid-19, anunci\u00f3 la Casa Blanca.<\/p>\n\n\n\n<p>Donald Trump permanecer\u00e1 internado en el Centro M\u00e9dico Militar Nacional Walter Reed. La Casa Blanca dice que la visita es como medida de precauci\u00f3n, y que Trump\u00a0trabajar\u00e1 desde la suite presidencial del hospital, que est\u00e1 equipada para permitirle continuar cumpliendo sus deberes oficiales.<\/p>\n\n\n\n<p>Horas antes, la Casa Blanca dijo que\u00a0Trump continuaba \u201cfatigado\u201d y que le inyectaron un coctel experimental de anticuerpos contra\u00a0el coronavirus, el cual ha causado la muerte de m\u00e1s de 205 mil personas tan solo en Estados Unidos y se ha propagado a las m\u00e1s altas esferas del gobierno.<\/p>\n\n\n\n<p>Trump, quien por meses minimiz\u00f3 la amenaza de la pandemia de coronavirus, escribi\u00f3 la madrugada del viernes en Twitter que su esposa Melania y \u00e9l entrar\u00edan en cuarentena, tras haber dado positivo por el virus.<\/p>\n\n\n\n<p>Trump corre un alto riesgo debido a su edad y peso. Ha permanecido aparentemente en buen estado de salud durante su tiempo en el cargo, pero no se sabe si se ejercita con regularidad o siga una dieta saludable.<\/p>\n\n\n\n<p>Fuente: Agencias<\/p>\n","protected":false},"excerpt":{"rendered":"<p>El presidente de Estados Unidos, Donald Trump,\u00a0pasar\u00e1 \u201cunos d\u00edas\u201d en un hospital militar a recomendaci\u00f3n de sus m\u00e9dicos, despu\u00e9s de que enfermara de Covid-19, anunci\u00f3 la Casa Blanca. Donald Trump permanecer\u00e1 internado en el Centro M\u00e9dico Militar Nacional Walter Reed. La Casa Blanca dice que la visita es como medida de precauci\u00f3n, y que Trump\u00a0trabajar\u00e1<a class=\"read-more\" href=\"https:\/\/globalnewsmexico.com\/sitio\/hospitalizan-a-donald-trump-para-ser-atendido-por-covid-19\/\">Leer m\u00e1s<\/a><\/p>\n","protected":false},"author":5,"featured_media":54761,"comment_status":"closed","ping_status":"open","sticky":false,"template":"","format":"standard","meta":{"spay_email":"","footnotes":""},"categories":[37,8,39,52],"tags":[],"jetpack_featured_media_url":"https:\/\/i0.wp.com\/globalnewsmexico.com\/sitio\/wp-content\/uploads\/2020\/10\/donald-trump-salio-casa-blanca.jpg?fit=1024%2C693&ssl=1","jetpack_sharing_enabled":true,"jetpack_shortlink":"https:\/\/wp.me\/p9yqPL-efe","jetpack_likes_enabled":true,"_links":{"self":[{"href":"https:\/\/globalnewsmexico.com\/sitio\/wp-json\/wp\/v2\/posts\/54760"}],"collection":[{"href":"https:\/\/globalnewsmexico.com\/sitio\/wp-json\/wp\/v2\/posts"}],"about":[{"href":"https:\/\/globalnewsmexico.com\/sitio\/wp-json\/wp\/v2\/types\/post"}],"author":[{"embeddable":true,"href":"https:\/\/globalnewsmexico.com\/sitio\/wp-json\/wp\/v2\/users\/5"}],"replies":[{"embeddable":true,"href":"https:\/\/globalnewsmexico.com\/sitio\/wp-json\/wp\/v2\/comments?post=54760"}],"version-history":[{"count":0,"href":"https:\/\/globalnewsmexico.com\/sitio\/wp-json\/wp\/v2\/posts\/54760\/revisions"}],"wp:featuredmedia":[{"embeddable":true,"href":"https:\/\/globalnewsmexico.com\/sitio\/wp-json\/wp\/v2\/media\/54761"}],"wp:attachment":[{"href":"https:\/\/globalnewsmexico.com\/sitio\/wp-json\/wp\/v2\/media?parent=54760"}],"wp:term":[{"taxonomy":"category","embeddable":true,"href":"https:\/\/globalnewsmexico.com\/sitio\/wp-json\/wp\/v2\/categories?post=54760"},{"taxonomy":"post_tag","embeddable":true,"href":"https:\/\/globalnewsmexico.com\/sitio\/wp-json\/wp\/v2\/tags?post=54760"}],"curies":[{"name":"wp","href":"https:\/\/api.w.org\/{rel}","templated":true}]}}