{"id":54818,"date":"2020-10-05T09:29:26","date_gmt":"2020-10-05T14:29:26","guid":{"rendered":"http:\/\/globalnewsmexico.com\/sitio\/?p=54818"},"modified":"2020-10-05T09:29:32","modified_gmt":"2020-10-05T14:29:32","slug":"guatemala-y-honduras-convencieron-a-caravana-migrante-de-no-continuar-amlo","status":"publish","type":"post","link":"https:\/\/globalnewsmexico.com\/sitio\/guatemala-y-honduras-convencieron-a-caravana-migrante-de-no-continuar-amlo\/","title":{"rendered":"Guatemala y Honduras convencieron a caravana migrante de no continuar: AMLO"},"content":{"rendered":"\n<p>El presidente Andr\u00e9s Manuel L\u00f3pez Obrador inform\u00f3 que la caravana de migrantes proveniente de Honduras y que esperaba llegar a Estados Unidos, ya no continuar\u00e1.<\/p>\n\n\n\n<p>Durante su conferencia de prensa ma\u00f1anera, el presidente fue cuestionado al respecto, a lo que respondi\u00f3:<\/p>\n\n\n\n<p>\u00abAfortunadamente no se continua con la carava que viene de Honduras\u00bb.<\/p>\n\n\n\n<p>Asimismo, dijo que \u00abtanto el gobierno de Honduras y Guatemala ayudaron a convencer a los integrantes de esta caravana de que no hay condiciones sanitarias, y que hab\u00eda que actuar de manera distinta\u00bb.<\/p>\n\n\n\n<p>El mandatario reiter\u00f3 que pod\u00eda haber intereses pol\u00edticos en dicha caravana, ante las pr\u00f3ximas elecciones\u00a0 en Estados Unidos.<\/p>\n\n\n\n<p>\u00abCreo que ayud\u00f3 el llamado que hicimos, sobre todo la advertencia de que podr\u00eda haber intereses pol\u00edticos, porque no es casualidad de que se organice una caravana cuando estamos a menos de un mes de las elecciones de Estados Unidos.<\/p>\n\n\n\n<p>No podemos asegurar que fue por eso, nos gener\u00f3 extra\u00f1eza el que en v\u00edsperas de las elecciones se iniciara esta caravana\u00bb, apunt\u00f3.<\/p>\n\n\n\n<p>Fuente: Xeu Noticias<\/p>\n","protected":false},"excerpt":{"rendered":"<p>El presidente Andr\u00e9s Manuel L\u00f3pez Obrador inform\u00f3 que la caravana de migrantes proveniente de Honduras y que esperaba llegar a Estados Unidos, ya no continuar\u00e1. Durante su conferencia de prensa ma\u00f1anera, el presidente fue cuestionado al respecto, a lo que respondi\u00f3: \u00abAfortunadamente no se continua con la carava que viene de Honduras\u00bb. Asimismo, dijo que<a class=\"read-more\" href=\"https:\/\/globalnewsmexico.com\/sitio\/guatemala-y-honduras-convencieron-a-caravana-migrante-de-no-continuar-amlo\/\">Leer m\u00e1s<\/a><\/p>\n","protected":false},"author":5,"featured_media":54819,"comment_status":"closed","ping_status":"open","sticky":false,"template":"","format":"standard","meta":{"spay_email":"","footnotes":""},"categories":[37,8,40,52],"tags":[],"jetpack_featured_media_url":"https:\/\/i2.wp.com\/globalnewsmexico.com\/sitio\/wp-content\/uploads\/2020\/10\/1124283.jpg?fit=1024%2C589&ssl=1","jetpack_sharing_enabled":true,"jetpack_shortlink":"https:\/\/wp.me\/p9yqPL-ega","jetpack_likes_enabled":true,"_links":{"self":[{"href":"https:\/\/globalnewsmexico.com\/sitio\/wp-json\/wp\/v2\/posts\/54818"}],"collection":[{"href":"https:\/\/globalnewsmexico.com\/sitio\/wp-json\/wp\/v2\/posts"}],"about":[{"href":"https:\/\/globalnewsmexico.com\/sitio\/wp-json\/wp\/v2\/types\/post"}],"author":[{"embeddable":true,"href":"https:\/\/globalnewsmexico.com\/sitio\/wp-json\/wp\/v2\/users\/5"}],"replies":[{"embeddable":true,"href":"https:\/\/globalnewsmexico.com\/sitio\/wp-json\/wp\/v2\/comments?post=54818"}],"version-history":[{"count":0,"href":"https:\/\/globalnewsmexico.com\/sitio\/wp-json\/wp\/v2\/posts\/54818\/revisions"}],"wp:featuredmedia":[{"embeddable":true,"href":"https:\/\/globalnewsmexico.com\/sitio\/wp-json\/wp\/v2\/media\/54819"}],"wp:attachment":[{"href":"https:\/\/globalnewsmexico.com\/sitio\/wp-json\/wp\/v2\/media?parent=54818"}],"wp:term":[{"taxonomy":"category","embeddable":true,"href":"https:\/\/globalnewsmexico.com\/sitio\/wp-json\/wp\/v2\/categories?post=54818"},{"taxonomy":"post_tag","embeddable":true,"href":"https:\/\/globalnewsmexico.com\/sitio\/wp-json\/wp\/v2\/tags?post=54818"}],"curies":[{"name":"wp","href":"https:\/\/api.w.org\/{rel}","templated":true}]}}