{"id":54848,"date":"2020-10-05T14:44:24","date_gmt":"2020-10-05T19:44:24","guid":{"rendered":"http:\/\/globalnewsmexico.com\/sitio\/?p=54848"},"modified":"2020-10-05T14:44:28","modified_gmt":"2020-10-05T19:44:28","slug":"trump-anuncia-que-saldra-del-hospital-esta-tarde","status":"publish","type":"post","link":"https:\/\/globalnewsmexico.com\/sitio\/trump-anuncia-que-saldra-del-hospital-esta-tarde\/","title":{"rendered":"Trump anuncia que saldr\u00e1 del hospital esta tarde"},"content":{"rendered":"\n<p>El presidente y candidato a la reelecci\u00f3n de Estados Unidos, Donald Trump, inform\u00f3 que esta tarde saldr\u00e1 del Centro M\u00e9dico Walter Reed, hospital donde ha sido tratado tras dar positivo a coronavirus la semana pasada.<\/p>\n\n\n\n<p>En su cuenta de Twitter, el mandatario asegur\u00f3 sentirse mejor que hace 20 a\u00f1os y llam\u00f3 a la ciudadan\u00eda estadounidense a no temerle al Covid-19, pues dijo que el pa\u00eds ha desarrollado medicamentos y estudios realmente excelentes sobre el nuevo virus.<\/p>\n\n\n\n<p>\u00abSaldr\u00e9 del gran Centro M\u00e9dico Walter Reed hoy a las 18:30 horas\u00a0\u00a1Me siento realmente bien!\u00a0No le tengas miedo a Covid. No dejes que domine tu vida. Hemos desarrollado, bajo la Administraci\u00f3n Trump, algunos medicamentos y conocimientos realmente excelentes. \u00a1Me siento mejor que hace 20 a\u00f1os!\u00bb, escribi\u00f3 en la red social.<\/p>\n\n\n\n<p>El aspirante republicano sali\u00f3 ayer en un veh\u00edculo y aprovech\u00f3 de saludar a sus seguidores, mientras recib\u00eda la atenci\u00f3n m\u00e9dica.\u00a0 Esta ma\u00f1ana, Mark Meadows, jefe de gabinete de Trump, dijo a\u00a0Fox News\u00a0que la condici\u00f3n f\u00edsica del presidente sigue mejorando y que \u00abdurante la jornada\u00bb se tomar\u00e1 una decisi\u00f3n sobre si es dado de alta.<\/p>\n\n\n\n<p>Fuente: Milenio<\/p>\n","protected":false},"excerpt":{"rendered":"<p>El presidente y candidato a la reelecci\u00f3n de Estados Unidos, Donald Trump, inform\u00f3 que esta tarde saldr\u00e1 del Centro M\u00e9dico Walter Reed, hospital donde ha sido tratado tras dar positivo a coronavirus la semana pasada. En su cuenta de Twitter, el mandatario asegur\u00f3 sentirse mejor que hace 20 a\u00f1os y llam\u00f3 a la ciudadan\u00eda estadounidense<a class=\"read-more\" href=\"https:\/\/globalnewsmexico.com\/sitio\/trump-anuncia-que-saldra-del-hospital-esta-tarde\/\">Leer m\u00e1s<\/a><\/p>\n","protected":false},"author":5,"featured_media":54849,"comment_status":"closed","ping_status":"open","sticky":false,"template":"","format":"standard","meta":{"spay_email":"","footnotes":""},"categories":[37,8,48,52],"tags":[],"jetpack_featured_media_url":"https:\/\/i0.wp.com\/globalnewsmexico.com\/sitio\/wp-content\/uploads\/2020\/10\/trump-recibio-tratamiento-experimental-llevado_0_27_1200_747.jpg?fit=958%2C596&ssl=1","jetpack_sharing_enabled":true,"jetpack_shortlink":"https:\/\/wp.me\/p9yqPL-egE","jetpack_likes_enabled":true,"_links":{"self":[{"href":"https:\/\/globalnewsmexico.com\/sitio\/wp-json\/wp\/v2\/posts\/54848"}],"collection":[{"href":"https:\/\/globalnewsmexico.com\/sitio\/wp-json\/wp\/v2\/posts"}],"about":[{"href":"https:\/\/globalnewsmexico.com\/sitio\/wp-json\/wp\/v2\/types\/post"}],"author":[{"embeddable":true,"href":"https:\/\/globalnewsmexico.com\/sitio\/wp-json\/wp\/v2\/users\/5"}],"replies":[{"embeddable":true,"href":"https:\/\/globalnewsmexico.com\/sitio\/wp-json\/wp\/v2\/comments?post=54848"}],"version-history":[{"count":0,"href":"https:\/\/globalnewsmexico.com\/sitio\/wp-json\/wp\/v2\/posts\/54848\/revisions"}],"wp:featuredmedia":[{"embeddable":true,"href":"https:\/\/globalnewsmexico.com\/sitio\/wp-json\/wp\/v2\/media\/54849"}],"wp:attachment":[{"href":"https:\/\/globalnewsmexico.com\/sitio\/wp-json\/wp\/v2\/media?parent=54848"}],"wp:term":[{"taxonomy":"category","embeddable":true,"href":"https:\/\/globalnewsmexico.com\/sitio\/wp-json\/wp\/v2\/categories?post=54848"},{"taxonomy":"post_tag","embeddable":true,"href":"https:\/\/globalnewsmexico.com\/sitio\/wp-json\/wp\/v2\/tags?post=54848"}],"curies":[{"name":"wp","href":"https:\/\/api.w.org\/{rel}","templated":true}]}}