{"id":54866,"date":"2020-10-05T17:06:27","date_gmt":"2020-10-05T22:06:27","guid":{"rendered":"http:\/\/globalnewsmexico.com\/sitio\/?p=54866"},"modified":"2020-10-05T17:06:33","modified_gmt":"2020-10-05T22:06:33","slug":"ejecutan-a-cinco-personas-en-ataque-a-velorio-en-jaral-del-progreso-guanajuato","status":"publish","type":"post","link":"https:\/\/globalnewsmexico.com\/sitio\/ejecutan-a-cinco-personas-en-ataque-a-velorio-en-jaral-del-progreso-guanajuato\/","title":{"rendered":"Ejecutan a cinco personas en ataque a velorio en Jaral del Progreso, Guanajuato"},"content":{"rendered":"\n<p>El\u00a0ataque a un velorio en el municipio de\u00a0Jaral del Progreso, Guanajuato,\u00a0provoc\u00f3 la muerte de cinco personas; al menos otras cuatro est\u00e1n lesionadas, informaron las autoridades locales.<\/p>\n\n\n\n<p>El reporte detalla que un grupo de hombres armados lleg\u00f3 a bordo de dos camionetas a un domicilio de la colonia Emiliano Zapata, y dispar\u00f3 a los asistentes de un velorio que se realizaba en el lugar.<\/p>\n\n\n\n<p>Al momento de las detonaciones, los asistentes buscaron refugio detr\u00e1s de un veh\u00edculo estacionado en el lugar; sin embargo, el ataque fue dirigido aparentemente en contra del grupo de personas que murieron durante la agresi\u00f3n.<\/p>\n\n\n\n<p>Al lugar acudieron de inmediato elementos de distintas corporaciones para tomar conocimiento de los hechos,\u00a0adem\u00e1s de iniciar la b\u00fasqueda de los presuntos responsables.<\/p>\n\n\n\n<p>Peritos de la Agencia de Investigaci\u00f3n Criminal de la Fiscal\u00eda General del Estado llegaron para dar fe de los hechos e iniciar el levantamiento de pruebas, entre ellas varios casquillos percutidos de armas de grueso calibre.<\/p>\n\n\n\n<p>Este es el segundo ataque en agravio de varias personas ocurrido en este municipio, pues hace un par de semanas fue ejecutado otro homicidio m\u00faltiple en un bar de nombre \u00abLa Caba\u00f1a del Toro&#8217;, donde asesinaron a 11 personas: siete hombres y cuatro mujeres.<\/p>\n\n\n\n<p>Fuente: Milenio<\/p>\n","protected":false},"excerpt":{"rendered":"<p>El\u00a0ataque a un velorio en el municipio de\u00a0Jaral del Progreso, Guanajuato,\u00a0provoc\u00f3 la muerte de cinco personas; al menos otras cuatro est\u00e1n lesionadas, informaron las autoridades locales. El reporte detalla que un grupo de hombres armados lleg\u00f3 a bordo de dos camionetas a un domicilio de la colonia Emiliano Zapata, y dispar\u00f3 a los asistentes de<a class=\"read-more\" href=\"https:\/\/globalnewsmexico.com\/sitio\/ejecutan-a-cinco-personas-en-ataque-a-velorio-en-jaral-del-progreso-guanajuato\/\">Leer m\u00e1s<\/a><\/p>\n","protected":false},"author":5,"featured_media":54868,"comment_status":"closed","ping_status":"open","sticky":false,"template":"","format":"standard","meta":{"spay_email":"","footnotes":""},"categories":[37,8,49,52],"tags":[],"jetpack_featured_media_url":"https:\/\/i2.wp.com\/globalnewsmexico.com\/sitio\/wp-content\/uploads\/2020\/10\/ejecutan-a-en-rancho-de.jpg?fit=958%2C596&ssl=1","jetpack_sharing_enabled":true,"jetpack_shortlink":"https:\/\/wp.me\/p9yqPL-egW","jetpack_likes_enabled":true,"_links":{"self":[{"href":"https:\/\/globalnewsmexico.com\/sitio\/wp-json\/wp\/v2\/posts\/54866"}],"collection":[{"href":"https:\/\/globalnewsmexico.com\/sitio\/wp-json\/wp\/v2\/posts"}],"about":[{"href":"https:\/\/globalnewsmexico.com\/sitio\/wp-json\/wp\/v2\/types\/post"}],"author":[{"embeddable":true,"href":"https:\/\/globalnewsmexico.com\/sitio\/wp-json\/wp\/v2\/users\/5"}],"replies":[{"embeddable":true,"href":"https:\/\/globalnewsmexico.com\/sitio\/wp-json\/wp\/v2\/comments?post=54866"}],"version-history":[{"count":0,"href":"https:\/\/globalnewsmexico.com\/sitio\/wp-json\/wp\/v2\/posts\/54866\/revisions"}],"wp:featuredmedia":[{"embeddable":true,"href":"https:\/\/globalnewsmexico.com\/sitio\/wp-json\/wp\/v2\/media\/54868"}],"wp:attachment":[{"href":"https:\/\/globalnewsmexico.com\/sitio\/wp-json\/wp\/v2\/media?parent=54866"}],"wp:term":[{"taxonomy":"category","embeddable":true,"href":"https:\/\/globalnewsmexico.com\/sitio\/wp-json\/wp\/v2\/categories?post=54866"},{"taxonomy":"post_tag","embeddable":true,"href":"https:\/\/globalnewsmexico.com\/sitio\/wp-json\/wp\/v2\/tags?post=54866"}],"curies":[{"name":"wp","href":"https:\/\/api.w.org\/{rel}","templated":true}]}}