{"id":54882,"date":"2020-10-05T22:20:10","date_gmt":"2020-10-06T03:20:10","guid":{"rendered":"http:\/\/globalnewsmexico.com\/sitio\/?p=54882"},"modified":"2020-10-05T22:20:16","modified_gmt":"2020-10-06T03:20:16","slug":"canaco-anuncia-edicion-2020-de-buen-fin-ayuntamiento-de-cordoba-colaborara","status":"publish","type":"post","link":"https:\/\/globalnewsmexico.com\/sitio\/canaco-anuncia-edicion-2020-de-buen-fin-ayuntamiento-de-cordoba-colaborara\/","title":{"rendered":"Canaco anuncia edici\u00f3n 2020 de Buen Fin; Ayuntamiento de C\u00f3rdoba colaborar\u00e1"},"content":{"rendered":"\n<p>La edici\u00f3n 2020 de El Buen Fin ser\u00e1 del 9 al 20 de noviembre, anunci\u00f3 Carlos Lara \u00c1lvarez, presidente de la C\u00e1mara Nacional de Comercio (Canaco) de la delegaci\u00f3n C\u00f3rdoba, e invit\u00f3 a conocer los establecimientos que participar\u00e1n de este evento comercial consultando el sitio de internet elbuen.org.<\/p>\n\n\n\n<p>El dirigente del comercio local dijo que debido a la contingencia sanitaria, se determin\u00f3 ampliar hasta 12 d\u00edas El Buen Fin para que la ciudadan\u00eda cuente con mayor tiempo para realizar sus compras, evitando la aglomeraci\u00f3n de personas en un solo fin de semana.<\/p>\n\n\n\n<p>Maximino Garc\u00eda Guzm\u00e1n, director de Comercio, indic\u00f3 que el Ayuntamiento de C\u00f3rdoba coadyuvar\u00e1 a con el objetivo de que El Buen Fin contribuya a la reactivaci\u00f3n econ\u00f3mica, sin descuidar el tema sanitario.<\/p>\n\n\n\n<p>\u201cEs un tema importante por la reactivaci\u00f3n econ\u00f3mica, nosotros traemos el llamado a no bajar la guardia con la campa\u00f1a Con cubrebocas, retorno seguro. As\u00ed que el llamado es a la sociedad para que seamos responsables, a que aprovechen las ofertas pero que lo haga de preferencia un miembro de la familia \u00fanicamente, de igual forma estamos pidiendo al comercio que respete los protocolos y en coordinaci\u00f3n con Cofepris, continuaremos para estar listos en El Buen Fin\u201d, se\u00f1al\u00f3.<\/p>\n\n\n\n<p>Por su parte Gerardo Garc\u00eda Montero, director de Desarrollo Econ\u00f3mico, inform\u00f3 que la oficina de Profeco se encuentra supervisando a los comercios para evitar la elevaci\u00f3n de precios para esta fecha a fin de contribuir a que la ciudadan\u00eda adquiera sus productos a precios justos.<\/p>\n\n\n\n<p>\u201cEstaremos trabajando en coadyuvancia con la C\u00e1mara en la campa\u00f1a m\u00e1s regionalizada, el a\u00f1o pasado el 87 por ciento de las compras se realizaron de forma f\u00edsica, ahora la invitaci\u00f3n es para que se pueda realizar de manera electr\u00f3nica, por ello estaremos trabajando para supervisar las ventas y fomentar las ventas para el \u00faltimo trimestre de nuestra ciudad\u201d, afirm\u00f3 Garc\u00eda Montero.<\/p>\n\n\n\n<p>Para finalizar, Lara \u00c1lvarez inform\u00f3 que durante la pasada edici\u00f3n de El Buen Fin se inscribieron formalmente 235 negocios en la zona C\u00f3rdoba, generando una derrama superior a los 45 millones de pesos.<\/p>\n\n\n\n<p>Adelant\u00f3 que para la edici\u00f3n 2020 se espera que exista un repunte en ventas mayor al 50 por ciento con respecto a las ventas que disminuyeron exponencialmente durante los meses de marzo a septiembre en el municipio.<\/p>\n","protected":false},"excerpt":{"rendered":"<p>La edici\u00f3n 2020 de El Buen Fin ser\u00e1 del 9 al 20 de noviembre, anunci\u00f3 Carlos Lara \u00c1lvarez, presidente de la C\u00e1mara Nacional de Comercio (Canaco) de la delegaci\u00f3n C\u00f3rdoba, e invit\u00f3 a conocer los establecimientos que participar\u00e1n de este evento comercial consultando el sitio de internet elbuen.org. El dirigente del comercio local dijo que<a class=\"read-more\" href=\"https:\/\/globalnewsmexico.com\/sitio\/canaco-anuncia-edicion-2020-de-buen-fin-ayuntamiento-de-cordoba-colaborara\/\">Leer m\u00e1s<\/a><\/p>\n","protected":false},"author":5,"featured_media":54883,"comment_status":"closed","ping_status":"open","sticky":false,"template":"","format":"standard","meta":{"spay_email":"","footnotes":""},"categories":[37,8,50,52],"tags":[],"jetpack_featured_media_url":"https:\/\/i2.wp.com\/globalnewsmexico.com\/sitio\/wp-content\/uploads\/2020\/10\/f7629c2d-4a3f-45ad-a9fc-1e1e8e6a9b8f.jpg?fit=1040%2C693&ssl=1","jetpack_sharing_enabled":true,"jetpack_shortlink":"https:\/\/wp.me\/p9yqPL-ehc","jetpack_likes_enabled":true,"_links":{"self":[{"href":"https:\/\/globalnewsmexico.com\/sitio\/wp-json\/wp\/v2\/posts\/54882"}],"collection":[{"href":"https:\/\/globalnewsmexico.com\/sitio\/wp-json\/wp\/v2\/posts"}],"about":[{"href":"https:\/\/globalnewsmexico.com\/sitio\/wp-json\/wp\/v2\/types\/post"}],"author":[{"embeddable":true,"href":"https:\/\/globalnewsmexico.com\/sitio\/wp-json\/wp\/v2\/users\/5"}],"replies":[{"embeddable":true,"href":"https:\/\/globalnewsmexico.com\/sitio\/wp-json\/wp\/v2\/comments?post=54882"}],"version-history":[{"count":0,"href":"https:\/\/globalnewsmexico.com\/sitio\/wp-json\/wp\/v2\/posts\/54882\/revisions"}],"wp:featuredmedia":[{"embeddable":true,"href":"https:\/\/globalnewsmexico.com\/sitio\/wp-json\/wp\/v2\/media\/54883"}],"wp:attachment":[{"href":"https:\/\/globalnewsmexico.com\/sitio\/wp-json\/wp\/v2\/media?parent=54882"}],"wp:term":[{"taxonomy":"category","embeddable":true,"href":"https:\/\/globalnewsmexico.com\/sitio\/wp-json\/wp\/v2\/categories?post=54882"},{"taxonomy":"post_tag","embeddable":true,"href":"https:\/\/globalnewsmexico.com\/sitio\/wp-json\/wp\/v2\/tags?post=54882"}],"curies":[{"name":"wp","href":"https:\/\/api.w.org\/{rel}","templated":true}]}}