{"id":54885,"date":"2020-10-06T09:48:26","date_gmt":"2020-10-06T14:48:26","guid":{"rendered":"http:\/\/globalnewsmexico.com\/sitio\/?p=54885"},"modified":"2020-10-06T09:48:32","modified_gmt":"2020-10-06T14:48:32","slug":"no-ocurrio-un-incremento-brusco-en-mortalidad-por-covid-19-hay-una-reclasificacion-salud","status":"publish","type":"post","link":"https:\/\/globalnewsmexico.com\/sitio\/no-ocurrio-un-incremento-brusco-en-mortalidad-por-covid-19-hay-una-reclasificacion-salud\/","title":{"rendered":"No ocurri\u00f3 un incremento brusco en mortalidad por Covid-19, hay una reclasificaci\u00f3n: Salud"},"content":{"rendered":"\n<p>El subsecretario de Salud, Hugo L\u00f3pez-Gatell, asegur\u00f3 este martes que no hubo un incremento \u00abbrusco\u00bb en la cifra de muertos por Covid-19 en el pa\u00eds.<\/p>\n\n\n\n<p>Cabe recordar que este lunes, la&nbsp;Secretar\u00eda de Salud federal dio a conocer un cambio en el m\u00e9todo de registro de casos de coronavirus y fallecimientos por e virus.<\/p>\n\n\n\n<p>Debido a lo anterior, el director de Epidemiolog\u00eda, Jos\u00e9 Luis Alom\u00eda, report\u00f3 81 mil 877 muertes por coronavirus, desde el inicio de la epidemia, lo que signific\u00f3 un aumento de 2 mil 789 decesos respecto al d\u00eda previo.<\/p>\n\n\n\n<p>Ante esto, el subsecretario dijo: \u00abno ocurri\u00f3 un incremento brusco de\u00a0 la mortalidad, lo que tenemos es una reclasificaci\u00f3n que nos\u00a0permite tener una estad\u00edstica m\u00e1s robusta\u00bb.<\/p>\n\n\n\n<p>Fuente: Xeu Noticias<\/p>\n","protected":false},"excerpt":{"rendered":"<p>El subsecretario de Salud, Hugo L\u00f3pez-Gatell, asegur\u00f3 este martes que no hubo un incremento \u00abbrusco\u00bb en la cifra de muertos por Covid-19 en el pa\u00eds. Cabe recordar que este lunes, la&nbsp;Secretar\u00eda de Salud federal dio a conocer un cambio en el m\u00e9todo de registro de casos de coronavirus y fallecimientos por e virus. Debido a<a class=\"read-more\" href=\"https:\/\/globalnewsmexico.com\/sitio\/no-ocurrio-un-incremento-brusco-en-mortalidad-por-covid-19-hay-una-reclasificacion-salud\/\">Leer m\u00e1s<\/a><\/p>\n","protected":false},"author":5,"featured_media":54886,"comment_status":"closed","ping_status":"open","sticky":false,"template":"","format":"standard","meta":{"spay_email":"","footnotes":""},"categories":[37,8,39,52],"tags":[],"jetpack_featured_media_url":"https:\/\/i1.wp.com\/globalnewsmexico.com\/sitio\/wp-content\/uploads\/2020\/10\/1124424.jpg?fit=1024%2C599&ssl=1","jetpack_sharing_enabled":true,"jetpack_shortlink":"https:\/\/wp.me\/p9yqPL-ehf","jetpack_likes_enabled":true,"_links":{"self":[{"href":"https:\/\/globalnewsmexico.com\/sitio\/wp-json\/wp\/v2\/posts\/54885"}],"collection":[{"href":"https:\/\/globalnewsmexico.com\/sitio\/wp-json\/wp\/v2\/posts"}],"about":[{"href":"https:\/\/globalnewsmexico.com\/sitio\/wp-json\/wp\/v2\/types\/post"}],"author":[{"embeddable":true,"href":"https:\/\/globalnewsmexico.com\/sitio\/wp-json\/wp\/v2\/users\/5"}],"replies":[{"embeddable":true,"href":"https:\/\/globalnewsmexico.com\/sitio\/wp-json\/wp\/v2\/comments?post=54885"}],"version-history":[{"count":0,"href":"https:\/\/globalnewsmexico.com\/sitio\/wp-json\/wp\/v2\/posts\/54885\/revisions"}],"wp:featuredmedia":[{"embeddable":true,"href":"https:\/\/globalnewsmexico.com\/sitio\/wp-json\/wp\/v2\/media\/54886"}],"wp:attachment":[{"href":"https:\/\/globalnewsmexico.com\/sitio\/wp-json\/wp\/v2\/media?parent=54885"}],"wp:term":[{"taxonomy":"category","embeddable":true,"href":"https:\/\/globalnewsmexico.com\/sitio\/wp-json\/wp\/v2\/categories?post=54885"},{"taxonomy":"post_tag","embeddable":true,"href":"https:\/\/globalnewsmexico.com\/sitio\/wp-json\/wp\/v2\/tags?post=54885"}],"curies":[{"name":"wp","href":"https:\/\/api.w.org\/{rel}","templated":true}]}}