{"id":54924,"date":"2020-10-06T16:18:49","date_gmt":"2020-10-06T21:18:49","guid":{"rendered":"http:\/\/globalnewsmexico.com\/sitio\/?p=54924"},"modified":"2020-10-06T16:19:00","modified_gmt":"2020-10-06T21:19:00","slug":"muere-el-legendario-guitarrista-eddie-van-halen","status":"publish","type":"post","link":"https:\/\/globalnewsmexico.com\/sitio\/muere-el-legendario-guitarrista-eddie-van-halen\/","title":{"rendered":"Muere el legendario guitarrista Eddie Van Halen"},"content":{"rendered":"\n<p>Eddie Van Halen, el legendario guitarrista y cofundador de\u00a0Van Halen, muri\u00f3 despu\u00e9s de una larga batalla contra el c\u00e1ncer de garganta. La noticia de su muerte fue confirmada por su hijo, en redes sociales.\u00a0<\/p>\n\n\n\n<p>El artista muri\u00f3 en el Hospital St. John en Santa M\u00f3nica, California, este martes.\u00a0Su esposa, Janie, estaba a su lado, junto con su hijo Wolfgang y Alex, el hermano y baterista de Eddie.<\/p>\n\n\n\n<p>Las \u00faltimas 72 horas fueron particularmente complicadas para Eddie, que vio deteriorado su estado de salud;\u00a0los m\u00e9dicos descubrieron que el c\u00e1ncer de garganta se hab\u00eda trasladado a su cerebro y a otros \u00f3rganos.<\/p>\n\n\n\n<p>\u00abNo puedo creer que tengo que escribir que Edward Lodewijk Van Halen perdi\u00f3 una ardua batalla contra el c\u00e1ncer esta ma\u00f1ana\u00bb, escribi\u00f3 su hijo en un mensaje publicado en Twitter.\u00a0<\/p>\n\n\n\n<p>\u00abFue el mejor padre que pudiera tener. Cada momento que tuve con \u00e9l en y detr\u00e1s del escenario fue un regalo. Mi coraz\u00f3n esta roto y no creo que me pueda recuperar de esta p\u00e9rdida\u00bb, continu\u00f3.\u00a0<\/p>\n\n\n\n<p>\u200bEddie luch\u00f3 contra el c\u00e1ncer durante m\u00e1s de una d\u00e9cada.\u00a0En los \u00faltimos cinco a\u00f1os se traslad\u00f3 constantemente de Estados Unidos a Alemania para recibir tratamiento m\u00e9dico.\u00a0<\/p>\n\n\n\n<p>Aunque fue un gran fumador durante a\u00f1os, \u00e9l pensaba que\u00a0desarroll\u00f3 c\u00e1ncer de garganta a causa de una p\u00faa de guitarra de metal\u00a0que sol\u00eda sostener con frecuencia en la boca hace m\u00e1s de 20 a\u00f1os.<\/p>\n\n\n\n<p>A pesar de sus problemas de salud,\u00a0continu\u00f3 asistiendo a conciertos y ensayando m\u00fasica\u00a0con su hijo, Wolfgang, quien se convirti\u00f3 en el bajista de Van Halen en 2006.<\/p>\n\n\n\n<h2 class=\"wp-block-heading\"><strong>Van Halen, la banda<\/strong><\/h2>\n\n\n\n<p>Eddie Van Halen, un virtuoso de la guitarra, naci\u00f3 en Amsterdam pero se cri\u00f3 en Pasadena, California, donde fund\u00f3 la banda junto a su hermano mayor, el baterista Alex Van Halen, y r\u00e1pidamente ganaron fama.<\/p>\n\n\n\n<p>Entre los cl\u00e1sicos del grupo destacan\u00a0\u00abRunnin&#8217; with the Devil\u00bb\u00a0y el solo de guitarra de\u00a0\u00abEruption\u00bb.<\/p>\n\n\n\n<p>Van Halen vendi\u00f3 m\u00e1s de 75 millones de discos y tiene m\u00e1s sencillos n\u00famero uno en las listas de rock de Estados Unidos que cualquier otro artista, seg\u00fan la disquera de la banda.<\/p>\n\n\n\n<p>Con sus solos caracter\u00edsticos, Eddie Van Halen propuls\u00f3 a su banda californiana y ayud\u00f3 a destronar a la m\u00fasica disco de las listas de popularidad a finales de la d\u00e9cada de 1970 con el \u00e1lbum debut hom\u00f3nimo de la agrupaci\u00f3n, y m\u00e1s tarde con su superexitoso disco\u00a01984, que contiene los cl\u00e1sicos\u00a0\u201cJump\u201d,\u00a0\u201cPanama\u201d\u00a0y\u00a0\u201cHot for Teacher\u201d.<\/p>\n\n\n\n<p>Van Halen, ubicada entre los 20 artistas con mayores ventas de todos los tiempos, fue incoroporada al Sal\u00f3n de la Fama del Rock and Roll en 2007.&nbsp;<\/p>\n\n\n\n<p>La revista\u00a0Rolling Stone\u00a0coloc\u00f3 a Eddie Van Halen en el octavo puesto de su lista de los 100 mejores guitarristas de la historia.<\/p>\n\n\n\n<p>Fuente: Milenio<\/p>\n","protected":false},"excerpt":{"rendered":"<p>Eddie Van Halen, el legendario guitarrista y cofundador de\u00a0Van Halen, muri\u00f3 despu\u00e9s de una larga batalla contra el c\u00e1ncer de garganta. La noticia de su muerte fue confirmada por su hijo, en redes sociales.\u00a0 El artista muri\u00f3 en el Hospital St. John en Santa M\u00f3nica, California, este martes.\u00a0Su esposa, Janie, estaba a su lado, junto<a class=\"read-more\" href=\"https:\/\/globalnewsmexico.com\/sitio\/muere-el-legendario-guitarrista-eddie-van-halen\/\">Leer m\u00e1s<\/a><\/p>\n","protected":false},"author":5,"featured_media":54925,"comment_status":"closed","ping_status":"open","sticky":false,"template":"","format":"standard","meta":{"spay_email":"","footnotes":""},"categories":[37,8,48,52],"tags":[],"jetpack_featured_media_url":"https:\/\/i2.wp.com\/globalnewsmexico.com\/sitio\/wp-content\/uploads\/2020\/10\/muere-el-guitarrista-eddie-van.jpg?fit=958%2C596&ssl=1","jetpack_sharing_enabled":true,"jetpack_shortlink":"https:\/\/wp.me\/p9yqPL-ehS","jetpack_likes_enabled":true,"_links":{"self":[{"href":"https:\/\/globalnewsmexico.com\/sitio\/wp-json\/wp\/v2\/posts\/54924"}],"collection":[{"href":"https:\/\/globalnewsmexico.com\/sitio\/wp-json\/wp\/v2\/posts"}],"about":[{"href":"https:\/\/globalnewsmexico.com\/sitio\/wp-json\/wp\/v2\/types\/post"}],"author":[{"embeddable":true,"href":"https:\/\/globalnewsmexico.com\/sitio\/wp-json\/wp\/v2\/users\/5"}],"replies":[{"embeddable":true,"href":"https:\/\/globalnewsmexico.com\/sitio\/wp-json\/wp\/v2\/comments?post=54924"}],"version-history":[{"count":0,"href":"https:\/\/globalnewsmexico.com\/sitio\/wp-json\/wp\/v2\/posts\/54924\/revisions"}],"wp:featuredmedia":[{"embeddable":true,"href":"https:\/\/globalnewsmexico.com\/sitio\/wp-json\/wp\/v2\/media\/54925"}],"wp:attachment":[{"href":"https:\/\/globalnewsmexico.com\/sitio\/wp-json\/wp\/v2\/media?parent=54924"}],"wp:term":[{"taxonomy":"category","embeddable":true,"href":"https:\/\/globalnewsmexico.com\/sitio\/wp-json\/wp\/v2\/categories?post=54924"},{"taxonomy":"post_tag","embeddable":true,"href":"https:\/\/globalnewsmexico.com\/sitio\/wp-json\/wp\/v2\/tags?post=54924"}],"curies":[{"name":"wp","href":"https:\/\/api.w.org\/{rel}","templated":true}]}}