{"id":55004,"date":"2020-10-07T20:11:27","date_gmt":"2020-10-08T01:11:27","guid":{"rendered":"http:\/\/globalnewsmexico.com\/sitio\/?p=55004"},"modified":"2020-10-07T20:11:30","modified_gmt":"2020-10-08T01:11:30","slug":"registra-oaxaca-de-manera-oficial-primer-caso-de-reinfeccion-de-covid-19","status":"publish","type":"post","link":"https:\/\/globalnewsmexico.com\/sitio\/registra-oaxaca-de-manera-oficial-primer-caso-de-reinfeccion-de-covid-19\/","title":{"rendered":"Registra Oaxaca de manera oficial primer caso de reinfecci\u00f3n de Covid-19"},"content":{"rendered":"\n<p>Oaxaca registr\u00f3 de manera oficial su primer caso de reinfecci\u00f3n por Covid-19; se trata del secretario de Finanzas, Vicente Mendoza T\u00e9llez, quien hace tres meses inform\u00f3 que hab\u00eda contra\u00eddo por primera vez la enfermedad.<\/p>\n\n\n\n<p>Hoy, nuevamente y a trav\u00e9s de sus redes sociales, el\u00a0funcionario muratista confirm\u00f3 que al realizarse una prueba m\u00e1s, el resultado fue positivo.<\/p>\n\n\n\n<p>\u201cInformo que ayer present\u00e9 nuevamente s\u00edntomas claros de\u00a0Covid-19, y tras haberme realizado la prueba de diagn\u00f3stico, hoy se me inform\u00f3 del resultado positivo. Cumpliendo la recomendaci\u00f3n m\u00e9dica iniciar\u00e9 mi tratamiento y atender\u00e9 en aislamiento mis responsabilidades puntualmente\u00bb, dijo.<\/p>\n\n\n\n<p>Mendoza T\u00e9llez es el\u00a0primer caso de reinfecci\u00f3n\u00a0en conocerse p\u00fablicamente. De acuerdo con las propias autoridades, al menos siete funcionarios y colaboradores del Gobierno han sido infectados.<\/p>\n\n\n\n<p>Fuente: El Heraldo de M\u00e9xico<\/p>\n","protected":false},"excerpt":{"rendered":"<p>Oaxaca registr\u00f3 de manera oficial su primer caso de reinfecci\u00f3n por Covid-19; se trata del secretario de Finanzas, Vicente Mendoza T\u00e9llez, quien hace tres meses inform\u00f3 que hab\u00eda contra\u00eddo por primera vez la enfermedad. Hoy, nuevamente y a trav\u00e9s de sus redes sociales, el\u00a0funcionario muratista confirm\u00f3 que al realizarse una prueba m\u00e1s, el resultado fue<a class=\"read-more\" href=\"https:\/\/globalnewsmexico.com\/sitio\/registra-oaxaca-de-manera-oficial-primer-caso-de-reinfeccion-de-covid-19\/\">Leer m\u00e1s<\/a><\/p>\n","protected":false},"author":5,"featured_media":55005,"comment_status":"closed","ping_status":"open","sticky":false,"template":"","format":"standard","meta":{"spay_email":"","footnotes":""},"categories":[37,8,39,52],"tags":[],"jetpack_featured_media_url":"https:\/\/i2.wp.com\/globalnewsmexico.com\/sitio\/wp-content\/uploads\/2020\/10\/f925x521-266065_334929_5050.jpg?fit=1040%2C585&ssl=1","jetpack_sharing_enabled":true,"jetpack_shortlink":"https:\/\/wp.me\/p9yqPL-eja","jetpack_likes_enabled":true,"_links":{"self":[{"href":"https:\/\/globalnewsmexico.com\/sitio\/wp-json\/wp\/v2\/posts\/55004"}],"collection":[{"href":"https:\/\/globalnewsmexico.com\/sitio\/wp-json\/wp\/v2\/posts"}],"about":[{"href":"https:\/\/globalnewsmexico.com\/sitio\/wp-json\/wp\/v2\/types\/post"}],"author":[{"embeddable":true,"href":"https:\/\/globalnewsmexico.com\/sitio\/wp-json\/wp\/v2\/users\/5"}],"replies":[{"embeddable":true,"href":"https:\/\/globalnewsmexico.com\/sitio\/wp-json\/wp\/v2\/comments?post=55004"}],"version-history":[{"count":0,"href":"https:\/\/globalnewsmexico.com\/sitio\/wp-json\/wp\/v2\/posts\/55004\/revisions"}],"wp:featuredmedia":[{"embeddable":true,"href":"https:\/\/globalnewsmexico.com\/sitio\/wp-json\/wp\/v2\/media\/55005"}],"wp:attachment":[{"href":"https:\/\/globalnewsmexico.com\/sitio\/wp-json\/wp\/v2\/media?parent=55004"}],"wp:term":[{"taxonomy":"category","embeddable":true,"href":"https:\/\/globalnewsmexico.com\/sitio\/wp-json\/wp\/v2\/categories?post=55004"},{"taxonomy":"post_tag","embeddable":true,"href":"https:\/\/globalnewsmexico.com\/sitio\/wp-json\/wp\/v2\/tags?post=55004"}],"curies":[{"name":"wp","href":"https:\/\/api.w.org\/{rel}","templated":true}]}}