{"id":55123,"date":"2020-10-09T11:09:15","date_gmt":"2020-10-09T16:09:15","guid":{"rendered":"http:\/\/globalnewsmexico.com\/sitio\/?p=55123"},"modified":"2020-10-09T11:09:19","modified_gmt":"2020-10-09T16:09:19","slug":"mi-escudo-protector-es-la-mananera-y-mi-angel-es-el-pueblo-amlo","status":"publish","type":"post","link":"https:\/\/globalnewsmexico.com\/sitio\/mi-escudo-protector-es-la-mananera-y-mi-angel-es-el-pueblo-amlo\/","title":{"rendered":"Mi escudo protector es la ma\u00f1anera y mi \u00e1ngel es el pueblo: AMLO"},"content":{"rendered":"\n<p>Ante las cr\u00edticas y ataques a su gobierno, el presidente Andr\u00e9s Manuel L\u00f3pez Obrador se\u00f1al\u00f3 que su escudo protector es\u00a0su conferencia ma\u00f1anera y su \u00e1ngel de la guarda, el pueblo.<\/p>\n\n\n\n<p>Al encabezar la ma\u00f1anera, el presidente dijo afirm\u00f3 que si se tiene el respaldo de la poblaci\u00f3n y se le mantiene informada, no hay nada que temer.<\/p>\n\n\n\n<p>\u201cMi escudo protector es esta conferencia y mi \u00e1ngel de la guarda es el pueblo. Si se tiene el respaldo del pueblo y se mantiene la comunicaci\u00f3n con el pueblo, no hay nada que temer, esa es la estrategia\u201d, apunt\u00f3.<\/p>\n\n\n\n<p>Fuente: Xeu Noticias<\/p>\n","protected":false},"excerpt":{"rendered":"<p>Ante las cr\u00edticas y ataques a su gobierno, el presidente Andr\u00e9s Manuel L\u00f3pez Obrador se\u00f1al\u00f3 que su escudo protector es\u00a0su conferencia ma\u00f1anera y su \u00e1ngel de la guarda, el pueblo. Al encabezar la ma\u00f1anera, el presidente dijo afirm\u00f3 que si se tiene el respaldo de la poblaci\u00f3n y se le mantiene informada, no hay nada<a class=\"read-more\" href=\"https:\/\/globalnewsmexico.com\/sitio\/mi-escudo-protector-es-la-mananera-y-mi-angel-es-el-pueblo-amlo\/\">Leer m\u00e1s<\/a><\/p>\n","protected":false},"author":5,"featured_media":55124,"comment_status":"closed","ping_status":"open","sticky":false,"template":"","format":"standard","meta":{"spay_email":"","footnotes":""},"categories":[37,8,40,52],"tags":[],"jetpack_featured_media_url":"https:\/\/i0.wp.com\/globalnewsmexico.com\/sitio\/wp-content\/uploads\/2020\/10\/1124946.jpg?fit=1024%2C548&ssl=1","jetpack_sharing_enabled":true,"jetpack_shortlink":"https:\/\/wp.me\/p9yqPL-el5","jetpack_likes_enabled":true,"_links":{"self":[{"href":"https:\/\/globalnewsmexico.com\/sitio\/wp-json\/wp\/v2\/posts\/55123"}],"collection":[{"href":"https:\/\/globalnewsmexico.com\/sitio\/wp-json\/wp\/v2\/posts"}],"about":[{"href":"https:\/\/globalnewsmexico.com\/sitio\/wp-json\/wp\/v2\/types\/post"}],"author":[{"embeddable":true,"href":"https:\/\/globalnewsmexico.com\/sitio\/wp-json\/wp\/v2\/users\/5"}],"replies":[{"embeddable":true,"href":"https:\/\/globalnewsmexico.com\/sitio\/wp-json\/wp\/v2\/comments?post=55123"}],"version-history":[{"count":0,"href":"https:\/\/globalnewsmexico.com\/sitio\/wp-json\/wp\/v2\/posts\/55123\/revisions"}],"wp:featuredmedia":[{"embeddable":true,"href":"https:\/\/globalnewsmexico.com\/sitio\/wp-json\/wp\/v2\/media\/55124"}],"wp:attachment":[{"href":"https:\/\/globalnewsmexico.com\/sitio\/wp-json\/wp\/v2\/media?parent=55123"}],"wp:term":[{"taxonomy":"category","embeddable":true,"href":"https:\/\/globalnewsmexico.com\/sitio\/wp-json\/wp\/v2\/categories?post=55123"},{"taxonomy":"post_tag","embeddable":true,"href":"https:\/\/globalnewsmexico.com\/sitio\/wp-json\/wp\/v2\/tags?post=55123"}],"curies":[{"name":"wp","href":"https:\/\/api.w.org\/{rel}","templated":true}]}}