{"id":55259,"date":"2020-10-12T15:05:26","date_gmt":"2020-10-12T20:05:26","guid":{"rendered":"http:\/\/globalnewsmexico.com\/sitio\/?p=55259"},"modified":"2020-10-12T15:05:30","modified_gmt":"2020-10-12T20:05:30","slug":"secuestro-de-antorchistas-vinculado-a-conflicto-de-venta-ilegal-de-cigarrillos-fge","status":"publish","type":"post","link":"https:\/\/globalnewsmexico.com\/sitio\/secuestro-de-antorchistas-vinculado-a-conflicto-de-venta-ilegal-de-cigarrillos-fge\/","title":{"rendered":"Secuestro de antorchistas, vinculado a conflicto de venta ilegal de cigarrillos: FGE"},"content":{"rendered":"\n<p>La Fiscal General del Estado, Ver\u00f3nica Hern\u00e1ndez Giad\u00e1ns, particip\u00f3 este lunes en la mesa estatal de Coordinaci\u00f3n para la Construcci\u00f3n de la Paz, la cual estuvo presidida por el gobernador Cuitl\u00e1huac Garc\u00eda Jim\u00e9nez.<\/p>\n\n\n\n<p>Tras darse a conocer el parte de incidencia delictiva del fin de semana, se resaltaron los logros en materia de procuraci\u00f3n de justicia, entre los cuales resaltan la liberaci\u00f3n de dos v\u00edctimas de secuestro en el municipio de Coatzacoalcos, as\u00ed como la detenci\u00f3n de tres implicados a quienes les ser\u00e1 resuelta su situaci\u00f3n jur\u00eddica en las pr\u00f3ximas horas.<\/p>\n\n\n\n<p>En este caso, se destac\u00f3 la colaboraci\u00f3n entre la Unidad Especializada en Combate al Secuestro, la Polic\u00eda Ministerial y la Guardia Nacional para que las v\u00edctimas resultaran ilesas, y no hubo la necesidad del pago de alg\u00fan tipo de rescate.<\/p>\n\n\n\n<p>De igual forma se consigui\u00f3 la liberaci\u00f3n de cuatro personas integrantes del grupo Antorcha Campesina, secuestro que presuntamente estuvo relacionado por el conflicto entre dos grupos dedicados a la venta ilegal de cigarrillos de contrabando.<\/p>\n\n\n\n<p>Tambi\u00e9n se mencion\u00f3 la captura de Cristian \u201cN\u201d alias \u201cEl Jam\u00f3n\u201d, considerado un alto generador de violencia en la zona de Orizaba, que acosaba a mujeres y ha quedado vinculado por robo agravado, pero se le relaciona con al menos otras ocho carpetas de investigaci\u00f3n.<\/p>\n","protected":false},"excerpt":{"rendered":"<p>La Fiscal General del Estado, Ver\u00f3nica Hern\u00e1ndez Giad\u00e1ns, particip\u00f3 este lunes en la mesa estatal de Coordinaci\u00f3n para la Construcci\u00f3n de la Paz, la cual estuvo presidida por el gobernador Cuitl\u00e1huac Garc\u00eda Jim\u00e9nez. Tras darse a conocer el parte de incidencia delictiva del fin de semana, se resaltaron los logros en materia de procuraci\u00f3n de<a class=\"read-more\" href=\"https:\/\/globalnewsmexico.com\/sitio\/secuestro-de-antorchistas-vinculado-a-conflicto-de-venta-ilegal-de-cigarrillos-fge\/\">Leer m\u00e1s<\/a><\/p>\n","protected":false},"author":5,"featured_media":55261,"comment_status":"closed","ping_status":"open","sticky":false,"template":"","format":"standard","meta":{"spay_email":"","footnotes":""},"categories":[37,8,50,52],"tags":[],"jetpack_featured_media_url":"https:\/\/i0.wp.com\/globalnewsmexico.com\/sitio\/wp-content\/uploads\/2020\/10\/1125400.jpg?fit=1024%2C682&ssl=1","jetpack_sharing_enabled":true,"jetpack_shortlink":"https:\/\/wp.me\/p9yqPL-enh","jetpack_likes_enabled":true,"_links":{"self":[{"href":"https:\/\/globalnewsmexico.com\/sitio\/wp-json\/wp\/v2\/posts\/55259"}],"collection":[{"href":"https:\/\/globalnewsmexico.com\/sitio\/wp-json\/wp\/v2\/posts"}],"about":[{"href":"https:\/\/globalnewsmexico.com\/sitio\/wp-json\/wp\/v2\/types\/post"}],"author":[{"embeddable":true,"href":"https:\/\/globalnewsmexico.com\/sitio\/wp-json\/wp\/v2\/users\/5"}],"replies":[{"embeddable":true,"href":"https:\/\/globalnewsmexico.com\/sitio\/wp-json\/wp\/v2\/comments?post=55259"}],"version-history":[{"count":0,"href":"https:\/\/globalnewsmexico.com\/sitio\/wp-json\/wp\/v2\/posts\/55259\/revisions"}],"wp:featuredmedia":[{"embeddable":true,"href":"https:\/\/globalnewsmexico.com\/sitio\/wp-json\/wp\/v2\/media\/55261"}],"wp:attachment":[{"href":"https:\/\/globalnewsmexico.com\/sitio\/wp-json\/wp\/v2\/media?parent=55259"}],"wp:term":[{"taxonomy":"category","embeddable":true,"href":"https:\/\/globalnewsmexico.com\/sitio\/wp-json\/wp\/v2\/categories?post=55259"},{"taxonomy":"post_tag","embeddable":true,"href":"https:\/\/globalnewsmexico.com\/sitio\/wp-json\/wp\/v2\/tags?post=55259"}],"curies":[{"name":"wp","href":"https:\/\/api.w.org\/{rel}","templated":true}]}}