{"id":55292,"date":"2020-10-13T09:47:28","date_gmt":"2020-10-13T14:47:28","guid":{"rendered":"http:\/\/globalnewsmexico.com\/sitio\/?p=55292"},"modified":"2020-10-13T09:47:40","modified_gmt":"2020-10-13T14:47:40","slug":"llegaran-a-mexico-vacunas-anticovid-de-astrazeneca-pfizer-y-cansino","status":"publish","type":"post","link":"https:\/\/globalnewsmexico.com\/sitio\/llegaran-a-mexico-vacunas-anticovid-de-astrazeneca-pfizer-y-cansino\/","title":{"rendered":"Llegar\u00e1n a M\u00e9xico vacunas anticovid de AstraZeneca, Pfizer y CanSino"},"content":{"rendered":"\n<p>El secretario de Relaciones Exteriores, Marcelo Ebrard, anunci\u00f3 la firma de acuerdos con las farmac\u00e9uticas AstraZeneca, Pfizer y CanSino para que M\u00e9xico acceda a cerca de 130 millones de vacunas contra el Covid-19.<\/p>\n\n\n\n<p>En conferencia en Palacio Nacional, el funcionario inform\u00f3 que con esta signa se garantizar\u00e1 el acceso universal de dosis al pa\u00eds, que podr\u00eda iniciar desde diciembre pr\u00f3ximo.<\/p>\n\n\n\n<p>De acuerdo con el secretario, las siguientes dosis son las que al momento se han acordado:<\/p>\n\n\n\n<ul><li>77.4 millones de dosis de AstraZeneca (entre marzo y agosto).<\/li><li>15.5 y hasta 34.4 millones de vacunas de Pfizer (entre diciembre y diciembre de 2021).<\/li><li>35 millones de dosis de CanSino (entre diciembre y diciembre de 2021).<\/li><\/ul>\n\n\n\n<p>El canciller inform\u00f3 que estas vacunas acordadas, aunadas a las que se accedan por medio del Covax y otros acuerdos, se podr\u00e1 lograr atender a m\u00e1s de 100 millones de mexicanos.<\/p>\n\n\n\n<p>\u201cCon los acuerdos firmados con tres farmac\u00e9uticas que trabajan en el desarrollo de la vacuna contra el Covid-19, se estar\u00eda cubriendo a m\u00e1s de 100 millones de mexicanos\u201d, asever\u00f3 Ebrard Casaub\u00f3n.<\/p>\n\n\n\n<p>En tanto, el secretario de Salud, Jorge Alcocer, inform\u00f3 que las primeras dosis de vacunas contra coronavirus se aplicar\u00e1n a los trabajadores de la salud, as\u00ed como a grupos vulnerables.<\/p>\n\n\n\n<p>Fuente: Exc\u00e9lsior<\/p>\n","protected":false},"excerpt":{"rendered":"<p>El secretario de Relaciones Exteriores, Marcelo Ebrard, anunci\u00f3 la firma de acuerdos con las farmac\u00e9uticas AstraZeneca, Pfizer y CanSino para que M\u00e9xico acceda a cerca de 130 millones de vacunas contra el Covid-19. En conferencia en Palacio Nacional, el funcionario inform\u00f3 que con esta signa se garantizar\u00e1 el acceso universal de dosis al pa\u00eds, que<a class=\"read-more\" href=\"https:\/\/globalnewsmexico.com\/sitio\/llegaran-a-mexico-vacunas-anticovid-de-astrazeneca-pfizer-y-cansino\/\">Leer m\u00e1s<\/a><\/p>\n","protected":false},"author":5,"featured_media":55293,"comment_status":"closed","ping_status":"open","sticky":false,"template":"","format":"standard","meta":{"spay_email":"","footnotes":""},"categories":[37,8,39,52],"tags":[],"jetpack_featured_media_url":"https:\/\/i0.wp.com\/globalnewsmexico.com\/sitio\/wp-content\/uploads\/2020\/10\/2458181.jpg?fit=1040%2C780&ssl=1","jetpack_sharing_enabled":true,"jetpack_shortlink":"https:\/\/wp.me\/p9yqPL-enO","jetpack_likes_enabled":true,"_links":{"self":[{"href":"https:\/\/globalnewsmexico.com\/sitio\/wp-json\/wp\/v2\/posts\/55292"}],"collection":[{"href":"https:\/\/globalnewsmexico.com\/sitio\/wp-json\/wp\/v2\/posts"}],"about":[{"href":"https:\/\/globalnewsmexico.com\/sitio\/wp-json\/wp\/v2\/types\/post"}],"author":[{"embeddable":true,"href":"https:\/\/globalnewsmexico.com\/sitio\/wp-json\/wp\/v2\/users\/5"}],"replies":[{"embeddable":true,"href":"https:\/\/globalnewsmexico.com\/sitio\/wp-json\/wp\/v2\/comments?post=55292"}],"version-history":[{"count":0,"href":"https:\/\/globalnewsmexico.com\/sitio\/wp-json\/wp\/v2\/posts\/55292\/revisions"}],"wp:featuredmedia":[{"embeddable":true,"href":"https:\/\/globalnewsmexico.com\/sitio\/wp-json\/wp\/v2\/media\/55293"}],"wp:attachment":[{"href":"https:\/\/globalnewsmexico.com\/sitio\/wp-json\/wp\/v2\/media?parent=55292"}],"wp:term":[{"taxonomy":"category","embeddable":true,"href":"https:\/\/globalnewsmexico.com\/sitio\/wp-json\/wp\/v2\/categories?post=55292"},{"taxonomy":"post_tag","embeddable":true,"href":"https:\/\/globalnewsmexico.com\/sitio\/wp-json\/wp\/v2\/tags?post=55292"}],"curies":[{"name":"wp","href":"https:\/\/api.w.org\/{rel}","templated":true}]}}