{"id":55365,"date":"2020-10-14T12:15:03","date_gmt":"2020-10-14T17:15:03","guid":{"rendered":"http:\/\/globalnewsmexico.com\/sitio\/?p=55365"},"modified":"2020-10-14T12:15:10","modified_gmt":"2020-10-14T17:15:10","slug":"llevara-meses-vacunacion-universal-contra-covid-19-en-mexico-sre","status":"publish","type":"post","link":"https:\/\/globalnewsmexico.com\/sitio\/llevara-meses-vacunacion-universal-contra-covid-19-en-mexico-sre\/","title":{"rendered":"Llevar\u00e1 meses vacunaci\u00f3n universal contra Covid-19 en M\u00e9xico: SRE"},"content":{"rendered":"\n<p>La subsecretaria de Relaciones Exteriores, Martha Delgado, afirm\u00f3 que llevar\u00e1 meses lograr la vacunaci\u00f3n universal contra el Covid-19 en los 128 millones de habitantes que tiene M\u00e9xico.<\/p>\n\n\n\n<p>\u201cPrimero ser\u00e1 aplicada a m\u00e9dicos y enfermeras y luego a vulnerables, como son los adultos mayores, as\u00ed como personas que presentan comorbilidades\u201d, detall\u00f3.<\/p>\n\n\n\n<p>Agreg\u00f3 que mundialmente, el ritmo de vacunaci\u00f3n contra el Covid-19 no ser\u00e1 para todos.<\/p>\n\n\n\n<p>Fuente: Xeu Noticias<\/p>\n","protected":false},"excerpt":{"rendered":"<p>La subsecretaria de Relaciones Exteriores, Martha Delgado, afirm\u00f3 que llevar\u00e1 meses lograr la vacunaci\u00f3n universal contra el Covid-19 en los 128 millones de habitantes que tiene M\u00e9xico. \u201cPrimero ser\u00e1 aplicada a m\u00e9dicos y enfermeras y luego a vulnerables, como son los adultos mayores, as\u00ed como personas que presentan comorbilidades\u201d, detall\u00f3. Agreg\u00f3 que mundialmente, el ritmo<a class=\"read-more\" href=\"https:\/\/globalnewsmexico.com\/sitio\/llevara-meses-vacunacion-universal-contra-covid-19-en-mexico-sre\/\">Leer m\u00e1s<\/a><\/p>\n","protected":false},"author":5,"featured_media":55366,"comment_status":"closed","ping_status":"open","sticky":false,"template":"","format":"standard","meta":{"spay_email":"","footnotes":""},"categories":[37,8,39,52],"tags":[],"jetpack_featured_media_url":"https:\/\/i0.wp.com\/globalnewsmexico.com\/sitio\/wp-content\/uploads\/2020\/10\/1125699.jpg?fit=1024%2C683&ssl=1","jetpack_sharing_enabled":true,"jetpack_shortlink":"https:\/\/wp.me\/p9yqPL-eoZ","jetpack_likes_enabled":true,"_links":{"self":[{"href":"https:\/\/globalnewsmexico.com\/sitio\/wp-json\/wp\/v2\/posts\/55365"}],"collection":[{"href":"https:\/\/globalnewsmexico.com\/sitio\/wp-json\/wp\/v2\/posts"}],"about":[{"href":"https:\/\/globalnewsmexico.com\/sitio\/wp-json\/wp\/v2\/types\/post"}],"author":[{"embeddable":true,"href":"https:\/\/globalnewsmexico.com\/sitio\/wp-json\/wp\/v2\/users\/5"}],"replies":[{"embeddable":true,"href":"https:\/\/globalnewsmexico.com\/sitio\/wp-json\/wp\/v2\/comments?post=55365"}],"version-history":[{"count":0,"href":"https:\/\/globalnewsmexico.com\/sitio\/wp-json\/wp\/v2\/posts\/55365\/revisions"}],"wp:featuredmedia":[{"embeddable":true,"href":"https:\/\/globalnewsmexico.com\/sitio\/wp-json\/wp\/v2\/media\/55366"}],"wp:attachment":[{"href":"https:\/\/globalnewsmexico.com\/sitio\/wp-json\/wp\/v2\/media?parent=55365"}],"wp:term":[{"taxonomy":"category","embeddable":true,"href":"https:\/\/globalnewsmexico.com\/sitio\/wp-json\/wp\/v2\/categories?post=55365"},{"taxonomy":"post_tag","embeddable":true,"href":"https:\/\/globalnewsmexico.com\/sitio\/wp-json\/wp\/v2\/tags?post=55365"}],"curies":[{"name":"wp","href":"https:\/\/api.w.org\/{rel}","templated":true}]}}