{"id":55422,"date":"2020-10-14T21:29:10","date_gmt":"2020-10-15T02:29:10","guid":{"rendered":"http:\/\/globalnewsmexico.com\/sitio\/?p=55422"},"modified":"2020-10-14T21:29:15","modified_gmt":"2020-10-15T02:29:15","slug":"si-preguntan-en-la-encuesta-porfirio-munoz-ledo-en-veracruz-es-la-respuesta-esteban-r-zepeta","status":"publish","type":"post","link":"https:\/\/globalnewsmexico.com\/sitio\/si-preguntan-en-la-encuesta-porfirio-munoz-ledo-en-veracruz-es-la-respuesta-esteban-r-zepeta\/","title":{"rendered":"Si preguntan en la encuesta, Porfirio Mu\u00f1oz Ledo en Veracruz es la respuesta: Esteban R. Zepeta"},"content":{"rendered":"\n<p>El aspirante a la dirigencia estatal de Morena, Esteban Ram\u00edrez, reanud\u00f3 las actividades de su gira por el estado de Veracruz en el municipio de Acajete y Actopan, para dialogar con la militancia y exhortarlos a trabajar en unidad por Mu\u00f1oz Ledo para la dirigencia nacional de Morena, y subray\u00f3 que \u201cdel 16 al 22 se va a repetir de nueva cuenta la encuesta, pero yo les voy a decir ahorita que si a alguno de ustedes les llegan a preguntar, pues Porfirio va a ser la respuesta. Y ahora s\u00ed me pronuncio a favor del licenciado Porfirio Mu\u00f1oz Ledo\u201d.<\/p>\n\n\n\n<p>El aspirante dijo que si bien anteriormente no se hab\u00eda pronunciado por un candidato, enfatiz\u00f3 que es momento de definirse para que la mejor opci\u00f3n sea quien dirija al partido durante los pr\u00f3ximos a\u00f1os y pidi\u00f3 a las autoridades encargadas de las encuestas para que \u201clas cosas se hagan bien\u201d y que no haya duda sobre los resultados.<\/p>\n\n\n\n<p>Ram\u00edrez Zepeta refiri\u00f3 que a la par de estar al pendiente de los resultados del proceso nacional, se deben comenzar con los trabajos en las colonias y los municipios \u201ctenemos que ir a los municipios, a las colonias con las compa\u00f1eras y compa\u00f1eros, tenemos que informar a la ciudadan\u00eda\u201d; finaliz\u00f3 su participaci\u00f3n durante la reuni\u00f3n recordando a sus compa\u00f1eros y compa\u00f1eras que el m\u00e9todo m\u00e1s adecuado para la elecci\u00f3n local de la dirigencia es la encuesta a la militancia y simpatizantes.<\/p>\n","protected":false},"excerpt":{"rendered":"<p>El aspirante a la dirigencia estatal de Morena, Esteban Ram\u00edrez, reanud\u00f3 las actividades de su gira por el estado de Veracruz en el municipio de Acajete y Actopan, para dialogar con la militancia y exhortarlos a trabajar en unidad por Mu\u00f1oz Ledo para la dirigencia nacional de Morena, y subray\u00f3 que \u201cdel 16 al 22<a class=\"read-more\" href=\"https:\/\/globalnewsmexico.com\/sitio\/si-preguntan-en-la-encuesta-porfirio-munoz-ledo-en-veracruz-es-la-respuesta-esteban-r-zepeta\/\">Leer m\u00e1s<\/a><\/p>\n","protected":false},"author":5,"featured_media":55423,"comment_status":"closed","ping_status":"open","sticky":false,"template":"","format":"standard","meta":{"spay_email":"","footnotes":""},"categories":[37,8,50,52],"tags":[],"jetpack_featured_media_url":"https:\/\/i0.wp.com\/globalnewsmexico.com\/sitio\/wp-content\/uploads\/2020\/10\/8b4cda79-d495-463b-a904-ddda061421b7.jpg?fit=1280%2C853&ssl=1","jetpack_sharing_enabled":true,"jetpack_shortlink":"https:\/\/wp.me\/p9yqPL-epU","jetpack_likes_enabled":true,"_links":{"self":[{"href":"https:\/\/globalnewsmexico.com\/sitio\/wp-json\/wp\/v2\/posts\/55422"}],"collection":[{"href":"https:\/\/globalnewsmexico.com\/sitio\/wp-json\/wp\/v2\/posts"}],"about":[{"href":"https:\/\/globalnewsmexico.com\/sitio\/wp-json\/wp\/v2\/types\/post"}],"author":[{"embeddable":true,"href":"https:\/\/globalnewsmexico.com\/sitio\/wp-json\/wp\/v2\/users\/5"}],"replies":[{"embeddable":true,"href":"https:\/\/globalnewsmexico.com\/sitio\/wp-json\/wp\/v2\/comments?post=55422"}],"version-history":[{"count":0,"href":"https:\/\/globalnewsmexico.com\/sitio\/wp-json\/wp\/v2\/posts\/55422\/revisions"}],"wp:featuredmedia":[{"embeddable":true,"href":"https:\/\/globalnewsmexico.com\/sitio\/wp-json\/wp\/v2\/media\/55423"}],"wp:attachment":[{"href":"https:\/\/globalnewsmexico.com\/sitio\/wp-json\/wp\/v2\/media?parent=55422"}],"wp:term":[{"taxonomy":"category","embeddable":true,"href":"https:\/\/globalnewsmexico.com\/sitio\/wp-json\/wp\/v2\/categories?post=55422"},{"taxonomy":"post_tag","embeddable":true,"href":"https:\/\/globalnewsmexico.com\/sitio\/wp-json\/wp\/v2\/tags?post=55422"}],"curies":[{"name":"wp","href":"https:\/\/api.w.org\/{rel}","templated":true}]}}