{"id":55512,"date":"2020-10-16T10:45:51","date_gmt":"2020-10-16T15:45:51","guid":{"rendered":"http:\/\/globalnewsmexico.com\/sitio\/?p=55512"},"modified":"2020-10-16T10:45:54","modified_gmt":"2020-10-16T15:45:54","slug":"funcionarios-involucrados-en-caso-de-cienfuegos-seran-suspendidos-lopez-obrador","status":"publish","type":"post","link":"https:\/\/globalnewsmexico.com\/sitio\/funcionarios-involucrados-en-caso-de-cienfuegos-seran-suspendidos-lopez-obrador\/","title":{"rendered":"Funcionarios involucrados en caso de Cienfuegos ser\u00e1n suspendidos: L\u00f3pez Obrador"},"content":{"rendered":"\n<p>El presidente Andr\u00e9s Manuel L\u00f3pez Obrador\u00a0afirm\u00f3 que ser\u00e1n suspendidos todos los funcionarios que tengan relaci\u00f3n il\u00edcita con el general\u00a0Salvador Cienfuegos, secretario de Defensa en el sexenio de Enrique Pe\u00f1a Nieto, y que fue\u00a0detenido\u00a0en la v\u00edspera en Estados Unidos, acusado de tr\u00e1fico, distribuci\u00f3n y comercializaci\u00f3n de drogas.<\/p>\n\n\n\n<p>\u00abQue se castigue a todos los que comente delitos, tanto de la delincuencia organizada, como de la delincuencia de cuello blanco. Cero impunidad, solo as\u00ed vamos a purificar la vida p\u00fablica\u00bb, se\u00f1al\u00f3 el jefe del Ejecutivo federal.<\/p>\n\n\n\n<p>\u00abQuiero decir que, como en el caso de Garc\u00eda Luna, todos los que resulten involucrados en el asunto de Cienfuegos, que est\u00e9n actuando en el Gobierno, en la Sedena, van a ser retirados, y si es el caso puestos a disposici\u00f3n de las autoridades competentes.\u00a0No vamos a encubrir a nadie, ya pas\u00f3 ese tiempo\u00bb, sostuvo.<\/p>\n\n\n\n<p>Al respecto, el presidente calific\u00f3 de \u00ablamentable\u00bb la detenci\u00f3n del exsecretario de la Defensa Nacional.<\/p>\n\n\n\n<p>Asegur\u00f3 que es la muestra inequ\u00edvoca de la descomposici\u00f3n del r\u00e9gimen neoliberal que hab\u00eda en M\u00e9xico. Pese a ello sostuvo que la instituci\u00f3n armada es m\u00e1s fuerte que cualquier persona, y refrend\u00f3 su confianza al actual secretario.<\/p>\n\n\n\n<p>En Palacio Nacional, record\u00f3 que las acusaciones deben probarse, y\u00a0pidi\u00f3 no adelantar v\u00edsperas ni hacer juicios sumarios.\u00a0Adelant\u00f3 tambi\u00e9n que cualquier personal militar que sea se\u00f1alado en la investigaci\u00f3n, ser\u00e1 retirado del cargo de forma inmediata.<\/p>\n\n\n\n<p>El mandatario federal aclar\u00f3 que el actual secretario, Luis Cresencio Sandoval,\u00a0no tiene relaci\u00f3n alguna con\u00a0Cienfuegos, pues no fue designado directamente por \u00e9l. Por ese motivo, refrend\u00f3 su confianza tanto en Sandoval, como en el actual titular de la secretar\u00eda de Marina.<\/p>\n\n\n\n<p>Fuente: La Raz\u00f3n<\/p>\n","protected":false},"excerpt":{"rendered":"<p>El presidente Andr\u00e9s Manuel L\u00f3pez Obrador\u00a0afirm\u00f3 que ser\u00e1n suspendidos todos los funcionarios que tengan relaci\u00f3n il\u00edcita con el general\u00a0Salvador Cienfuegos, secretario de Defensa en el sexenio de Enrique Pe\u00f1a Nieto, y que fue\u00a0detenido\u00a0en la v\u00edspera en Estados Unidos, acusado de tr\u00e1fico, distribuci\u00f3n y comercializaci\u00f3n de drogas. \u00abQue se castigue a todos los que comente delitos,<a class=\"read-more\" href=\"https:\/\/globalnewsmexico.com\/sitio\/funcionarios-involucrados-en-caso-de-cienfuegos-seran-suspendidos-lopez-obrador\/\">Leer m\u00e1s<\/a><\/p>\n","protected":false},"author":5,"featured_media":55513,"comment_status":"closed","ping_status":"open","sticky":false,"template":"","format":"standard","meta":{"spay_email":"","footnotes":""},"categories":[37,8,39,52],"tags":[],"jetpack_featured_media_url":"https:\/\/i0.wp.com\/globalnewsmexico.com\/sitio\/wp-content\/uploads\/2020\/10\/amlo-y-salvador-cinefuego.png?fit=1024%2C657&ssl=1","jetpack_sharing_enabled":true,"jetpack_shortlink":"https:\/\/wp.me\/p9yqPL-erm","jetpack_likes_enabled":true,"_links":{"self":[{"href":"https:\/\/globalnewsmexico.com\/sitio\/wp-json\/wp\/v2\/posts\/55512"}],"collection":[{"href":"https:\/\/globalnewsmexico.com\/sitio\/wp-json\/wp\/v2\/posts"}],"about":[{"href":"https:\/\/globalnewsmexico.com\/sitio\/wp-json\/wp\/v2\/types\/post"}],"author":[{"embeddable":true,"href":"https:\/\/globalnewsmexico.com\/sitio\/wp-json\/wp\/v2\/users\/5"}],"replies":[{"embeddable":true,"href":"https:\/\/globalnewsmexico.com\/sitio\/wp-json\/wp\/v2\/comments?post=55512"}],"version-history":[{"count":0,"href":"https:\/\/globalnewsmexico.com\/sitio\/wp-json\/wp\/v2\/posts\/55512\/revisions"}],"wp:featuredmedia":[{"embeddable":true,"href":"https:\/\/globalnewsmexico.com\/sitio\/wp-json\/wp\/v2\/media\/55513"}],"wp:attachment":[{"href":"https:\/\/globalnewsmexico.com\/sitio\/wp-json\/wp\/v2\/media?parent=55512"}],"wp:term":[{"taxonomy":"category","embeddable":true,"href":"https:\/\/globalnewsmexico.com\/sitio\/wp-json\/wp\/v2\/categories?post=55512"},{"taxonomy":"post_tag","embeddable":true,"href":"https:\/\/globalnewsmexico.com\/sitio\/wp-json\/wp\/v2\/tags?post=55512"}],"curies":[{"name":"wp","href":"https:\/\/api.w.org\/{rel}","templated":true}]}}