{"id":55567,"date":"2020-10-16T19:59:18","date_gmt":"2020-10-17T00:59:18","guid":{"rendered":"http:\/\/globalnewsmexico.com\/sitio\/?p=55567"},"modified":"2020-10-16T19:59:22","modified_gmt":"2020-10-17T00:59:22","slug":"padres-de-los-43-esperan-que-cienfuegos-declare-sobre-el-caso-iguala","status":"publish","type":"post","link":"https:\/\/globalnewsmexico.com\/sitio\/padres-de-los-43-esperan-que-cienfuegos-declare-sobre-el-caso-iguala\/","title":{"rendered":"Padres de los 43 esperan que Cienfuegos declare sobre el caso Iguala"},"content":{"rendered":"\n<p>Felipe de la Cruz, vocero del colectivo &#8216;Nos Faltan 43&#8217;, manifest\u00f3 que la detenci\u00f3n de Salvador Cienfuegos Zepeda, exsecretario de la Defensa Nacional, abre la posibilidad de saber qu\u00e9 tan implicada estuvo la milicia en los hechos del 26 de septiembre de 2014.<\/p>\n\n\n\n<p>Asimismo, sostuvo que para los padres de los normalistas desaparecidos es sumamente importante lo informado la noche del jueves 15 de octubre, porque implica m\u00e1s posibilidades de acceder a la verdad y alcanzar la justicia.<\/p>\n\n\n\n<p>\u201cPara nosotros s\u00ed hay militares que tomaron parte de este crimen, porque fueron militares quienes participaron esa noche y \u00e9l, como jefe m\u00e1ximo de las fuerzas armadas, debi\u00f3 poner a disposici\u00f3n a los elementos que se involucraron\u201d, anot\u00f3.<\/p>\n\n\n\n<p>Lejos de colaborar con la posibilidad de llegar a la verdad, dijo que el general Cienfuegos Zepeda contribuy\u00f3 al ocultamiento de la informaci\u00f3n, adem\u00e1s \u201cdefendi\u00f3 a capa y espada la participaci\u00f3n de los militares\u201d.<\/p>\n\n\n\n<p>\u201cAhora con esta detenci\u00f3n, esperamos que sea el hilo que nos lleve a los militares, a los que saben qu\u00e9 fue lo que sucedi\u00f3\u201d, agreg\u00f3.&nbsp;<\/p>\n\n\n\n<p>Cabe mencionar que para los padres de los 43, dijo, no hay duda en el hecho de que los soldados estuvieron relacionados con los hechos de 2014.<\/p>\n\n\n\n<p>Fuente: Xeu Noticias<\/p>\n","protected":false},"excerpt":{"rendered":"<p>Felipe de la Cruz, vocero del colectivo &#8216;Nos Faltan 43&#8217;, manifest\u00f3 que la detenci\u00f3n de Salvador Cienfuegos Zepeda, exsecretario de la Defensa Nacional, abre la posibilidad de saber qu\u00e9 tan implicada estuvo la milicia en los hechos del 26 de septiembre de 2014. Asimismo, sostuvo que para los padres de los normalistas desaparecidos es sumamente<a class=\"read-more\" href=\"https:\/\/globalnewsmexico.com\/sitio\/padres-de-los-43-esperan-que-cienfuegos-declare-sobre-el-caso-iguala\/\">Leer m\u00e1s<\/a><\/p>\n","protected":false},"author":5,"featured_media":55568,"comment_status":"closed","ping_status":"open","sticky":false,"template":"","format":"standard","meta":{"spay_email":"","footnotes":""},"categories":[37,8,49,52],"tags":[],"jetpack_featured_media_url":"https:\/\/i0.wp.com\/globalnewsmexico.com\/sitio\/wp-content\/uploads\/2020\/10\/1126141.jpg?fit=1024%2C683&ssl=1","jetpack_sharing_enabled":true,"jetpack_shortlink":"https:\/\/wp.me\/p9yqPL-esf","jetpack_likes_enabled":true,"_links":{"self":[{"href":"https:\/\/globalnewsmexico.com\/sitio\/wp-json\/wp\/v2\/posts\/55567"}],"collection":[{"href":"https:\/\/globalnewsmexico.com\/sitio\/wp-json\/wp\/v2\/posts"}],"about":[{"href":"https:\/\/globalnewsmexico.com\/sitio\/wp-json\/wp\/v2\/types\/post"}],"author":[{"embeddable":true,"href":"https:\/\/globalnewsmexico.com\/sitio\/wp-json\/wp\/v2\/users\/5"}],"replies":[{"embeddable":true,"href":"https:\/\/globalnewsmexico.com\/sitio\/wp-json\/wp\/v2\/comments?post=55567"}],"version-history":[{"count":0,"href":"https:\/\/globalnewsmexico.com\/sitio\/wp-json\/wp\/v2\/posts\/55567\/revisions"}],"wp:featuredmedia":[{"embeddable":true,"href":"https:\/\/globalnewsmexico.com\/sitio\/wp-json\/wp\/v2\/media\/55568"}],"wp:attachment":[{"href":"https:\/\/globalnewsmexico.com\/sitio\/wp-json\/wp\/v2\/media?parent=55567"}],"wp:term":[{"taxonomy":"category","embeddable":true,"href":"https:\/\/globalnewsmexico.com\/sitio\/wp-json\/wp\/v2\/categories?post=55567"},{"taxonomy":"post_tag","embeddable":true,"href":"https:\/\/globalnewsmexico.com\/sitio\/wp-json\/wp\/v2\/tags?post=55567"}],"curies":[{"name":"wp","href":"https:\/\/api.w.org\/{rel}","templated":true}]}}