{"id":55604,"date":"2020-10-17T14:44:47","date_gmt":"2020-10-17T19:44:47","guid":{"rendered":"http:\/\/globalnewsmexico.com\/sitio\/?p=55604"},"modified":"2020-10-17T14:44:55","modified_gmt":"2020-10-17T19:44:55","slug":"presidente-de-alemania-en-cuarentena-por-contacto-de-covid-19","status":"publish","type":"post","link":"https:\/\/globalnewsmexico.com\/sitio\/presidente-de-alemania-en-cuarentena-por-contacto-de-covid-19\/","title":{"rendered":"Presidente de Alemania, en cuarentena por contacto de Covid-19"},"content":{"rendered":"\n<p>El presidente de Alemania, Frank Walter Steinmeier, se encuentra en cuarentena desde este s\u00e1bado, luego de que uno de sus guardaespaldas dio positivo a Covid-19, seg\u00fan inform\u00f3 uno de sus portavoces.<\/p>\n\n\n\n<p>El portavoz indic\u00f3: \u201cLa autoridad moral del pa\u00eds entr\u00f3 en cuarentena luego de que uno de sus guardaespaldas diera positivo en el test de coronavirus\u00bb.<\/p>\n\n\n\n<p>A\u00f1adi\u00f3 que la persona infectada forma parte del mando de la Oficina Federal de Polic\u00eda Criminal y es un contacto de primer grado del presidente alem\u00e1n, quien tiene 64 a\u00f1os de edad.<\/p>\n\n\n\n<p>Steinmeier estuvo en contacto con esa persona \u201cdurante varios d\u00edas\u201d la semana pasada, indic\u00f3 su oficina.<\/p>\n\n\n\n<p>El presidente alem\u00e1n fue sometido a una prueba de Covid-19 y a\u00fan esperan\u00a0su resultado.<\/p>\n\n\n\n<p>Fuente: Agencias<\/p>\n","protected":false},"excerpt":{"rendered":"<p>El presidente de Alemania, Frank Walter Steinmeier, se encuentra en cuarentena desde este s\u00e1bado, luego de que uno de sus guardaespaldas dio positivo a Covid-19, seg\u00fan inform\u00f3 uno de sus portavoces. El portavoz indic\u00f3: \u201cLa autoridad moral del pa\u00eds entr\u00f3 en cuarentena luego de que uno de sus guardaespaldas diera positivo en el test de<a class=\"read-more\" href=\"https:\/\/globalnewsmexico.com\/sitio\/presidente-de-alemania-en-cuarentena-por-contacto-de-covid-19\/\">Leer m\u00e1s<\/a><\/p>\n","protected":false},"author":5,"featured_media":55605,"comment_status":"closed","ping_status":"open","sticky":false,"template":"","format":"standard","meta":{"spay_email":"","footnotes":""},"categories":[37,8,48,52],"tags":[],"jetpack_featured_media_url":"https:\/\/i1.wp.com\/globalnewsmexico.com\/sitio\/wp-content\/uploads\/2020\/10\/1126251.jpg?fit=1024%2C683&ssl=1","jetpack_sharing_enabled":true,"jetpack_shortlink":"https:\/\/wp.me\/p9yqPL-esQ","jetpack_likes_enabled":true,"_links":{"self":[{"href":"https:\/\/globalnewsmexico.com\/sitio\/wp-json\/wp\/v2\/posts\/55604"}],"collection":[{"href":"https:\/\/globalnewsmexico.com\/sitio\/wp-json\/wp\/v2\/posts"}],"about":[{"href":"https:\/\/globalnewsmexico.com\/sitio\/wp-json\/wp\/v2\/types\/post"}],"author":[{"embeddable":true,"href":"https:\/\/globalnewsmexico.com\/sitio\/wp-json\/wp\/v2\/users\/5"}],"replies":[{"embeddable":true,"href":"https:\/\/globalnewsmexico.com\/sitio\/wp-json\/wp\/v2\/comments?post=55604"}],"version-history":[{"count":0,"href":"https:\/\/globalnewsmexico.com\/sitio\/wp-json\/wp\/v2\/posts\/55604\/revisions"}],"wp:featuredmedia":[{"embeddable":true,"href":"https:\/\/globalnewsmexico.com\/sitio\/wp-json\/wp\/v2\/media\/55605"}],"wp:attachment":[{"href":"https:\/\/globalnewsmexico.com\/sitio\/wp-json\/wp\/v2\/media?parent=55604"}],"wp:term":[{"taxonomy":"category","embeddable":true,"href":"https:\/\/globalnewsmexico.com\/sitio\/wp-json\/wp\/v2\/categories?post=55604"},{"taxonomy":"post_tag","embeddable":true,"href":"https:\/\/globalnewsmexico.com\/sitio\/wp-json\/wp\/v2\/tags?post=55604"}],"curies":[{"name":"wp","href":"https:\/\/api.w.org\/{rel}","templated":true}]}}