{"id":55610,"date":"2020-10-17T15:54:21","date_gmt":"2020-10-17T20:54:21","guid":{"rendered":"http:\/\/globalnewsmexico.com\/sitio\/?p=55610"},"modified":"2020-10-17T15:55:15","modified_gmt":"2020-10-17T20:55:15","slug":"asesinan-a-comandante-de-la-policia-de-jesus-carranza-veracruz","status":"publish","type":"post","link":"https:\/\/globalnewsmexico.com\/sitio\/asesinan-a-comandante-de-la-policia-de-jesus-carranza-veracruz\/","title":{"rendered":"Asesinan a comandante de la Polic\u00eda de Jes\u00fas Carranza, Veracruz"},"content":{"rendered":"\n<p>La tarde de este s\u00e1bado fue asesinado el comandante de la Polic\u00eda Municipal de Jes\u00fas Carranza, Veracruz, Jaime Cervantes Milagros, as\u00ed lo confirm\u00f3 su hermano Alonso en redes sociales.<\/p>\n\n\n\n<p>\u00abCon gran indignaci\u00f3n inform\u00f3 el homicidio de mi hermano Jaime Cervantes Milagro quien se ven\u00eda desempe\u00f1ando como comandante de la Polic\u00eda Municipal de Jes\u00fas Carranza. Sin duda alguna una persona respetable e integra que siempre se condujo acorde a las Leyes de nuestro Estado y del Pa\u00eds\u00bb, escribi\u00f3 el hermano del ahora occiso.<\/p>\n\n\n\n<p>De acuerdo con los reportes, los hechos se registraron cuando el comandante circulaba sobre la carretera Costera del Golfo, con direcci\u00f3n a Acayucan.<\/p>\n\n\n\n<p>Reportes preliminares se\u00f1alan que el veh\u00edculo de Jaime Cervantes fue atacado por sujetos armados, quienes huyeron del sitio.<\/p>\n\n\n\n<p>La zona fue acordonada, mientras que elementos de la Fiscal\u00eda General del Estado acudieron al sitio para las diligencias correspondientes.<\/p>\n\n\n\n<p>Fuente: Xeu Noticias<\/p>\n","protected":false},"excerpt":{"rendered":"<p>La tarde de este s\u00e1bado fue asesinado el comandante de la Polic\u00eda Municipal de Jes\u00fas Carranza, Veracruz, Jaime Cervantes Milagros, as\u00ed lo confirm\u00f3 su hermano Alonso en redes sociales. \u00abCon gran indignaci\u00f3n inform\u00f3 el homicidio de mi hermano Jaime Cervantes Milagro quien se ven\u00eda desempe\u00f1ando como comandante de la Polic\u00eda Municipal de Jes\u00fas Carranza. Sin<a class=\"read-more\" href=\"https:\/\/globalnewsmexico.com\/sitio\/asesinan-a-comandante-de-la-policia-de-jesus-carranza-veracruz\/\">Leer m\u00e1s<\/a><\/p>\n","protected":false},"author":5,"featured_media":55611,"comment_status":"closed","ping_status":"open","sticky":false,"template":"","format":"standard","meta":{"spay_email":"","footnotes":""},"categories":[37,8,50,52],"tags":[],"jetpack_featured_media_url":"https:\/\/i1.wp.com\/globalnewsmexico.com\/sitio\/wp-content\/uploads\/2020\/10\/1126274.jpg?fit=1024%2C683&ssl=1","jetpack_sharing_enabled":true,"jetpack_shortlink":"https:\/\/wp.me\/p9yqPL-esW","jetpack_likes_enabled":true,"_links":{"self":[{"href":"https:\/\/globalnewsmexico.com\/sitio\/wp-json\/wp\/v2\/posts\/55610"}],"collection":[{"href":"https:\/\/globalnewsmexico.com\/sitio\/wp-json\/wp\/v2\/posts"}],"about":[{"href":"https:\/\/globalnewsmexico.com\/sitio\/wp-json\/wp\/v2\/types\/post"}],"author":[{"embeddable":true,"href":"https:\/\/globalnewsmexico.com\/sitio\/wp-json\/wp\/v2\/users\/5"}],"replies":[{"embeddable":true,"href":"https:\/\/globalnewsmexico.com\/sitio\/wp-json\/wp\/v2\/comments?post=55610"}],"version-history":[{"count":0,"href":"https:\/\/globalnewsmexico.com\/sitio\/wp-json\/wp\/v2\/posts\/55610\/revisions"}],"wp:featuredmedia":[{"embeddable":true,"href":"https:\/\/globalnewsmexico.com\/sitio\/wp-json\/wp\/v2\/media\/55611"}],"wp:attachment":[{"href":"https:\/\/globalnewsmexico.com\/sitio\/wp-json\/wp\/v2\/media?parent=55610"}],"wp:term":[{"taxonomy":"category","embeddable":true,"href":"https:\/\/globalnewsmexico.com\/sitio\/wp-json\/wp\/v2\/categories?post=55610"},{"taxonomy":"post_tag","embeddable":true,"href":"https:\/\/globalnewsmexico.com\/sitio\/wp-json\/wp\/v2\/tags?post=55610"}],"curies":[{"name":"wp","href":"https:\/\/api.w.org\/{rel}","templated":true}]}}