{"id":55656,"date":"2020-10-19T13:31:25","date_gmt":"2020-10-19T18:31:25","guid":{"rendered":"http:\/\/globalnewsmexico.com\/sitio\/?p=55656"},"modified":"2020-10-19T13:31:31","modified_gmt":"2020-10-19T18:31:31","slug":"marina-halla-trasiego-irregular-de-combustible-y-evasion-fiscal-en-puertos","status":"publish","type":"post","link":"https:\/\/globalnewsmexico.com\/sitio\/marina-halla-trasiego-irregular-de-combustible-y-evasion-fiscal-en-puertos\/","title":{"rendered":"Marina halla trasiego irregular de combustible y evasi\u00f3n fiscal en puertos"},"content":{"rendered":"\n<p>Al asumir el\u00a0control administrativo de los puertos\u00a0por instrucci\u00f3n del presidente Andr\u00e9s Manuel L\u00f3pez Obrador, la Secretar\u00eda de Marina (Semar) puso al descubierto pr\u00e1cticas como el\u00a0trasiego irregular de combustible, evasi\u00f3n fiscal y adjudicaciones directas\u00a0fuera de la ley en dichas instalaciones.<\/p>\n\n\n\n<p>As\u00ed lo confirm\u00f3 el comandante del Cuartel General de Alto Mando de la Semar, Jos\u00e9 Luis Arellano, y subray\u00f3 por ello la necesidad de poner orden en los puertos del pa\u00eds.<\/p>\n\n\n\n<p>El almirante particip\u00f3 en el parlamento abierto convocado por la C\u00e1mara de Diputados, para analizar las reformas orientadas a trasladar de la\u00a0Secretar\u00eda de Comunicaciones y Transportes\u00a0a la Secretar\u00eda de Marina, las facultades y funciones en materia de administraci\u00f3n de puertos.<\/p>\n\n\n\n<p>\u201cComo es de ustedes conocido, har\u00e1 unos veinte, treinta d\u00edas atr\u00e1s, las Administradoras Portuarias Integrales Federales est\u00e1n administradas ya por almirantes en situaci\u00f3n de retiro \u00bfQu\u00e9 hemos encontrado en veinte d\u00edas? Hemos encontrado trasiego de combustible de manera irregular, falta de transparencia en la concesi\u00f3n y cesi\u00f3n, adjudicaciones directas que no se apegan a ley, evasiones fiscales, y entonces, \u00bfqu\u00e9 es lo que requerimos?, \u00a1orden!\u201d, puntualiz\u00f3 Arellano ante diputados y participantes en el foro virtual.<\/p>\n\n\n\n<p>Los\u00a0puertos de Ciudad de Carmen, Ensenada, La Paz, Manzanillo, Mazatl\u00e1n y L\u00e1zaro C\u00e1rdenas son utilizados por los c\u00e1rteles de Sinaloa y Jalisco Nueva Generaci\u00f3n, que disputan las entradas mar\u00edtimas elevando \u201clos \u00edndices de violencia por controlar las rutas de log\u00edstica criminal\u201d.<\/p>\n\n\n\n<p>De acuerdo con documento de inteligencia federal, las irregularidades detectadas en los puertos del pa\u00eds van desde la entrega de las terminales mar\u00edtimas a los c\u00e1rteles de la droga, hasta la p\u00e9rdida de millones de pesos por actos de corrupci\u00f3n en la gesti\u00f3n de tr\u00e1mites.<\/p>\n\n\n\n<p>En ese contexto, L\u00f3pez Obrador instruy\u00f3 el 17 de julio de este a\u00f1o a las secretar\u00edas de Marina y de la Defensa Nacional a\u00a0tomar el control de las aduanas mar\u00edtimas y terrestres del pa\u00eds, tras denunciar mala administraci\u00f3n, corrupci\u00f3n, contrabando e introducci\u00f3n de drogas en esos lugares.<\/p>\n\n\n\n<p>Desde Manzanillo, Colima, el mandatario anunci\u00f3 la decisi\u00f3n de asumir la administraci\u00f3n de los puertos, en tanto la C\u00e1mara de Diputados analiza paralelamente reformas en la materia.<\/p>\n\n\n\n<p>\u201cHemos tomado la decisi\u00f3n de que las aduanas terrestres y mar\u00edtimas van a estar a cargo de elementos de la Secretar\u00eda de la Defensa y la Secretar\u00eda de Marina y lo mismo en el caso de los puertos del pa\u00eds para que haya seguridad\u201d, puntualiz\u00f3 entonces L\u00f3pez Obrador.<\/p>\n\n\n\n<p>Javier Jim\u00e9nez Espri\u00fa present\u00f3 d\u00edas despu\u00e9s su renuncia a la Secretar\u00eda de Comunicaciones y Transportes, por su\u00a0desacuerdo con la referida instrucci\u00f3n presidencial.<\/p>\n\n\n\n<p>Fuente: Milenio<\/p>\n","protected":false},"excerpt":{"rendered":"<p>Al asumir el\u00a0control administrativo de los puertos\u00a0por instrucci\u00f3n del presidente Andr\u00e9s Manuel L\u00f3pez Obrador, la Secretar\u00eda de Marina (Semar) puso al descubierto pr\u00e1cticas como el\u00a0trasiego irregular de combustible, evasi\u00f3n fiscal y adjudicaciones directas\u00a0fuera de la ley en dichas instalaciones. As\u00ed lo confirm\u00f3 el comandante del Cuartel General de Alto Mando de la Semar, Jos\u00e9 Luis<a class=\"read-more\" href=\"https:\/\/globalnewsmexico.com\/sitio\/marina-halla-trasiego-irregular-de-combustible-y-evasion-fiscal-en-puertos\/\">Leer m\u00e1s<\/a><\/p>\n","protected":false},"author":5,"featured_media":55657,"comment_status":"closed","ping_status":"open","sticky":false,"template":"","format":"standard","meta":{"spay_email":"","footnotes":""},"categories":[37,8,39,52],"tags":[],"jetpack_featured_media_url":"https:\/\/i2.wp.com\/globalnewsmexico.com\/sitio\/wp-content\/uploads\/2020\/10\/buque-blue-commander-atracado-puerto.jpg?fit=958%2C596&ssl=1","jetpack_sharing_enabled":true,"jetpack_shortlink":"https:\/\/wp.me\/p9yqPL-etG","jetpack_likes_enabled":true,"_links":{"self":[{"href":"https:\/\/globalnewsmexico.com\/sitio\/wp-json\/wp\/v2\/posts\/55656"}],"collection":[{"href":"https:\/\/globalnewsmexico.com\/sitio\/wp-json\/wp\/v2\/posts"}],"about":[{"href":"https:\/\/globalnewsmexico.com\/sitio\/wp-json\/wp\/v2\/types\/post"}],"author":[{"embeddable":true,"href":"https:\/\/globalnewsmexico.com\/sitio\/wp-json\/wp\/v2\/users\/5"}],"replies":[{"embeddable":true,"href":"https:\/\/globalnewsmexico.com\/sitio\/wp-json\/wp\/v2\/comments?post=55656"}],"version-history":[{"count":0,"href":"https:\/\/globalnewsmexico.com\/sitio\/wp-json\/wp\/v2\/posts\/55656\/revisions"}],"wp:featuredmedia":[{"embeddable":true,"href":"https:\/\/globalnewsmexico.com\/sitio\/wp-json\/wp\/v2\/media\/55657"}],"wp:attachment":[{"href":"https:\/\/globalnewsmexico.com\/sitio\/wp-json\/wp\/v2\/media?parent=55656"}],"wp:term":[{"taxonomy":"category","embeddable":true,"href":"https:\/\/globalnewsmexico.com\/sitio\/wp-json\/wp\/v2\/categories?post=55656"},{"taxonomy":"post_tag","embeddable":true,"href":"https:\/\/globalnewsmexico.com\/sitio\/wp-json\/wp\/v2\/tags?post=55656"}],"curies":[{"name":"wp","href":"https:\/\/api.w.org\/{rel}","templated":true}]}}