{"id":55668,"date":"2020-10-19T16:08:22","date_gmt":"2020-10-19T21:08:22","guid":{"rendered":"http:\/\/globalnewsmexico.com\/sitio\/?p=55668"},"modified":"2020-10-19T16:08:32","modified_gmt":"2020-10-19T21:08:32","slug":"museo-del-cafe-registro-mas-de-cien-visitantes-en-reapertura","status":"publish","type":"post","link":"https:\/\/globalnewsmexico.com\/sitio\/museo-del-cafe-registro-mas-de-cien-visitantes-en-reapertura\/","title":{"rendered":"Museo del Caf\u00e9 registr\u00f3 m\u00e1s de cien visitantes en reapertura"},"content":{"rendered":"\n<p>El Museo del Caf\u00e9 ha registrado m\u00e1s de cien visitas en los primeros cinco d\u00edas de su reapertura, inform\u00f3 Nadia Zilli Basurto, directora de Turismo y Cultura del Ayuntamiento de C\u00f3rdoba, quien destac\u00f3 que este espacio opera con protocolos de seguridad sanitaria para procurar la salud de visitantes y colaboradores.<\/p>\n\n\n\n<p>Dijo que como parte del del Plan de Reactivaci\u00f3n Tur\u00edstica, el Museo del Caf\u00e9 reinici\u00f3 actividades y ha recibido a personas provenientes de Morelos, Ciudad de M\u00e9xico, Nuevo Le\u00f3n, Estado de M\u00e9xico, Puebla, Jalisco, Tabasco, Yucat\u00e1n, Guanajuato, Tlaxcala, as\u00ed como del puerto de Veracruz.<\/p>\n\n\n\n<p>Indic\u00f3 que las personas interesadas en visitar el Museo y conocer m\u00e1s sobre el arom\u00e1tico deben apartar su lugar mediante a l\u00ednea telef\u00f3nica 2717124344 o bien, directamente en las oficinas de la Direcci\u00f3n de Turismo y Cultura.<\/p>\n\n\n\n<p>Se\u00f1al\u00f3 que como parte de las medidas sanitarias que se aplican en el Museo del Caf\u00e9 se ofrecen seis recorridos diarios entre las 9.30 y las 15 horas, con un costo de 50 pesos por persona y a\u00f1adi\u00f3 que cada recorrido puede tener un m\u00e1ximo de seis personas para procurar la distancia f\u00edsica al interior del inmueble.<\/p>\n\n\n\n<p>Zilli Basurto coment\u00f3 que el Ayuntamiento de C\u00f3rdoba colabora en la reactivaci\u00f3n del sector tur\u00edstico y de servicios, donde se procura el reinicio ordenado y paulatino de las actividades sin descuidar la salud.<\/p>\n","protected":false},"excerpt":{"rendered":"<p>El Museo del Caf\u00e9 ha registrado m\u00e1s de cien visitas en los primeros cinco d\u00edas de su reapertura, inform\u00f3 Nadia Zilli Basurto, directora de Turismo y Cultura del Ayuntamiento de C\u00f3rdoba, quien destac\u00f3 que este espacio opera con protocolos de seguridad sanitaria para procurar la salud de visitantes y colaboradores. Dijo que como parte del<a class=\"read-more\" href=\"https:\/\/globalnewsmexico.com\/sitio\/museo-del-cafe-registro-mas-de-cien-visitantes-en-reapertura\/\">Leer m\u00e1s<\/a><\/p>\n","protected":false},"author":5,"featured_media":55669,"comment_status":"closed","ping_status":"open","sticky":false,"template":"","format":"standard","meta":{"spay_email":"","footnotes":""},"categories":[37,8,50,52],"tags":[],"jetpack_featured_media_url":"https:\/\/i1.wp.com\/globalnewsmexico.com\/sitio\/wp-content\/uploads\/2020\/10\/be6b1acc-49aa-4bd3-908c-3855712adffa.jpg?fit=1024%2C768&ssl=1","jetpack_sharing_enabled":true,"jetpack_shortlink":"https:\/\/wp.me\/p9yqPL-etS","jetpack_likes_enabled":true,"_links":{"self":[{"href":"https:\/\/globalnewsmexico.com\/sitio\/wp-json\/wp\/v2\/posts\/55668"}],"collection":[{"href":"https:\/\/globalnewsmexico.com\/sitio\/wp-json\/wp\/v2\/posts"}],"about":[{"href":"https:\/\/globalnewsmexico.com\/sitio\/wp-json\/wp\/v2\/types\/post"}],"author":[{"embeddable":true,"href":"https:\/\/globalnewsmexico.com\/sitio\/wp-json\/wp\/v2\/users\/5"}],"replies":[{"embeddable":true,"href":"https:\/\/globalnewsmexico.com\/sitio\/wp-json\/wp\/v2\/comments?post=55668"}],"version-history":[{"count":0,"href":"https:\/\/globalnewsmexico.com\/sitio\/wp-json\/wp\/v2\/posts\/55668\/revisions"}],"wp:featuredmedia":[{"embeddable":true,"href":"https:\/\/globalnewsmexico.com\/sitio\/wp-json\/wp\/v2\/media\/55669"}],"wp:attachment":[{"href":"https:\/\/globalnewsmexico.com\/sitio\/wp-json\/wp\/v2\/media?parent=55668"}],"wp:term":[{"taxonomy":"category","embeddable":true,"href":"https:\/\/globalnewsmexico.com\/sitio\/wp-json\/wp\/v2\/categories?post=55668"},{"taxonomy":"post_tag","embeddable":true,"href":"https:\/\/globalnewsmexico.com\/sitio\/wp-json\/wp\/v2\/tags?post=55668"}],"curies":[{"name":"wp","href":"https:\/\/api.w.org\/{rel}","templated":true}]}}