{"id":55686,"date":"2020-10-19T20:41:11","date_gmt":"2020-10-20T01:41:11","guid":{"rendered":"http:\/\/globalnewsmexico.com\/sitio\/?p=55686"},"modified":"2020-10-19T20:41:20","modified_gmt":"2020-10-20T01:41:20","slug":"prevenir-y-atender-cancer-de-mama-prioridad-social-ruben-rios","status":"publish","type":"post","link":"https:\/\/globalnewsmexico.com\/sitio\/prevenir-y-atender-cancer-de-mama-prioridad-social-ruben-rios\/","title":{"rendered":"Prevenir y atender c\u00e1ncer de mama, prioridad social: Rub\u00e9n R\u00edos"},"content":{"rendered":"\n<p>La salud de las mujeres en un tema de la m\u00e1s alta prioridad para el Congreso de Veracruz, por lo que este 19 de octubre, reiteramos el llamado a fomentar la cultura de la prevenci\u00f3n oportuna y la atenci\u00f3n adecuada, expres\u00f3 el presidente de la Mesa Directiva de la LXV Legislatura, diputado Rub\u00e9n R\u00edos Uribe, en el D\u00eda de la Lucha contra el C\u00e1ncer de Mama.<\/p>\n\n\n\n<p>El a\u00f1o en curso \u2013advirti\u00f3 el legislador-, esta fecha se ubica en el contexto de la pandemia por Covid 19, lo que hace imperativo el llamado a poner todos los esfuerzos institucionales y sociales al servicio de quienes se encuentran en situaci\u00f3n de mayor vulnerabilidad a causa de la enfermedad y a mostrarles mayor solidaridad y cercan\u00eda ante la dif\u00edcil experiencia del dolor.<\/p>\n\n\n\n<p>Al referir los esfuerzos que realizan los gobiernos federal y estatal para dar la atenci\u00f3n hospitalaria adecuada, adem\u00e1s de las campa\u00f1as de informaci\u00f3n, an\u00e1lisis, diagn\u00f3stico y canalizaci\u00f3n, mencion\u00f3 la Unidad de Detecci\u00f3n y Diagn\u00f3stico de C\u00e1ncer de Mama en la Delegaci\u00f3n Veracruz Norte, inaugurada por el gobierno federal en octubre de 2019, cuya inversi\u00f3n entre obra y equipamiento fue de 78.3 millones de pesos, para la realizaci\u00f3n de 150 estudios diarios.<\/p>\n\n\n\n<p>Por otra parte, record\u00f3 que los estudios m\u00e1s recientes han asociado un mayor riesgo de desarrollar c\u00e1ncer de mama con causas diversas como el sedentarismo, la obesidad o la administraci\u00f3n de hormonas durante largos periodos de tiempo, el inicio de la menstruaci\u00f3n antes de los 12 a\u00f1os de edad, el comienzo de la menopausia despu\u00e9s de los 55, el primer embarazo despu\u00e9s de los 30, no amamantar y nunca tener un embarazo, entre otras.<\/p>\n\n\n\n<p>El diputado R\u00edos Uribe insisti\u00f3 en el llamado a fomentar h\u00e1bitos saludables, entre \u00e9stos, el de la autoexploraci\u00f3n y las revisiones peri\u00f3dicas, como medida de prevenci\u00f3n. \u201cEs necesario y urgente crear entre la poblaci\u00f3n conciencia de estos temas y tratarlos con apertura y madurez; sobre todo, de comprometernos a privilegiar la salud como un derecho de todas las personas, principalmente de quienes se encuentran en estado de mayor vulnerabilidad\u201d, reiter\u00f3.<\/p>\n","protected":false},"excerpt":{"rendered":"<p>La salud de las mujeres en un tema de la m\u00e1s alta prioridad para el Congreso de Veracruz, por lo que este 19 de octubre, reiteramos el llamado a fomentar la cultura de la prevenci\u00f3n oportuna y la atenci\u00f3n adecuada, expres\u00f3 el presidente de la Mesa Directiva de la LXV Legislatura, diputado Rub\u00e9n R\u00edos Uribe,<a class=\"read-more\" href=\"https:\/\/globalnewsmexico.com\/sitio\/prevenir-y-atender-cancer-de-mama-prioridad-social-ruben-rios\/\">Leer m\u00e1s<\/a><\/p>\n","protected":false},"author":5,"featured_media":55687,"comment_status":"closed","ping_status":"open","sticky":false,"template":"","format":"standard","meta":{"spay_email":"","footnotes":""},"categories":[37,8,50,52],"tags":[],"jetpack_featured_media_url":"https:\/\/i0.wp.com\/globalnewsmexico.com\/sitio\/wp-content\/uploads\/2020\/10\/e22d6523-2cf0-47f4-a84c-f6b6777f16d0.jpg?fit=1024%2C684&ssl=1","jetpack_sharing_enabled":true,"jetpack_shortlink":"https:\/\/wp.me\/p9yqPL-eua","jetpack_likes_enabled":true,"_links":{"self":[{"href":"https:\/\/globalnewsmexico.com\/sitio\/wp-json\/wp\/v2\/posts\/55686"}],"collection":[{"href":"https:\/\/globalnewsmexico.com\/sitio\/wp-json\/wp\/v2\/posts"}],"about":[{"href":"https:\/\/globalnewsmexico.com\/sitio\/wp-json\/wp\/v2\/types\/post"}],"author":[{"embeddable":true,"href":"https:\/\/globalnewsmexico.com\/sitio\/wp-json\/wp\/v2\/users\/5"}],"replies":[{"embeddable":true,"href":"https:\/\/globalnewsmexico.com\/sitio\/wp-json\/wp\/v2\/comments?post=55686"}],"version-history":[{"count":0,"href":"https:\/\/globalnewsmexico.com\/sitio\/wp-json\/wp\/v2\/posts\/55686\/revisions"}],"wp:featuredmedia":[{"embeddable":true,"href":"https:\/\/globalnewsmexico.com\/sitio\/wp-json\/wp\/v2\/media\/55687"}],"wp:attachment":[{"href":"https:\/\/globalnewsmexico.com\/sitio\/wp-json\/wp\/v2\/media?parent=55686"}],"wp:term":[{"taxonomy":"category","embeddable":true,"href":"https:\/\/globalnewsmexico.com\/sitio\/wp-json\/wp\/v2\/categories?post=55686"},{"taxonomy":"post_tag","embeddable":true,"href":"https:\/\/globalnewsmexico.com\/sitio\/wp-json\/wp\/v2\/tags?post=55686"}],"curies":[{"name":"wp","href":"https:\/\/api.w.org\/{rel}","templated":true}]}}