{"id":55720,"date":"2020-10-20T13:52:41","date_gmt":"2020-10-20T18:52:41","guid":{"rendered":"http:\/\/globalnewsmexico.com\/sitio\/?p=55720"},"modified":"2020-10-20T13:53:11","modified_gmt":"2020-10-20T18:53:11","slug":"espana-analiza-aplicar-toque-de-queda-en-zonas-afectadas-por-coronavirus","status":"publish","type":"post","link":"https:\/\/globalnewsmexico.com\/sitio\/espana-analiza-aplicar-toque-de-queda-en-zonas-afectadas-por-coronavirus\/","title":{"rendered":"Espa\u00f1a analiza aplicar toque de queda en zonas afectadas por coronavirus"},"content":{"rendered":"\n<p>El ministro de Sanidad de Espa\u00f1a, Salvador Illa, confirm\u00f3 que el Gobierno no aprobar\u00e1 una pr\u00f3rroga del estado de alarma por el\u00a0coronavirus\u00a0en la comunidad de Madrid, zona que aglutina a la capital del pa\u00eds y donde se espera que la medida culmine el pr\u00f3ximo s\u00e1bado.<\/p>\n\n\n\n<p>La medida de estado de alarma refiere en Espa\u00f1a la limitaci\u00f3n de circulaci\u00f3n de personas, requisar bienes, racionar servicios e incluso la impartici\u00f3n necesaria para garantizar a la ciudadan\u00eda el abastecimiento.<\/p>\n\n\n\n<p>Illa agreg\u00f3 que se estudiar\u00e1 con todas las zonas aut\u00f3nomas la f\u00f3rmula del toque de queda para evitar la propagaci\u00f3n del\u00a0Covid-19, aunque subray\u00f3 que esta medida requerir\u00eda la declaraci\u00f3n de estado de alarma en los territorios afectados donde se aplicar\u00eda.<\/p>\n\n\n\n<p>Esto luego de que la zona madrile\u00f1a, a trav\u00e9s de su consejero de Sanidad, Enrique Ruiz Escudero, declar\u00f3 horas antes que est\u00e1n estudiando la posibilidad de solicitar el toque de queda al gobierno de Pedro S\u00e1nchez.<\/p>\n\n\n\n<p>Por tanto, el ministro de Sanidad destac\u00f3 que la cifra de contagios en la comunidad de Madrid ha descendido despu\u00e9s de 21 d\u00edas de medidas \u201cmuy estrictas\u201d y,\u00a0aunque los datos a\u00fan son \u201caltos\u201d ni \u201ctranquilizadores\u201d, el gobierno de S\u00e1nchez no ampliar\u00e1 la alarma, aunque estudiar\u00e1 junto al gobierno madrile\u00f1o las medidas a adoptar.<\/p>\n\n\n\n<p>Respecto a la posibilidad de decretar un toque de queda, acept\u00f3 que es una medida que se est\u00e1 aplicando en otros pa\u00edses europeos y dijo que se estudiar\u00e1 con todas las comunidades aut\u00f3nomas. Eso s\u00ed, se\u00f1al\u00f3 que requerir\u00eda del estado de alarma y por tanto deber\u00eda ser aprobado con \u201cla certeza\u201d de que cuenta con suficiente apoyo de los grupos parlamentarios para salir adelante en el Congreso de los Diputados si tuviese que aplicarse durante m\u00e1s de 15 d\u00edas.<\/p>\n\n\n\n<p>Espa\u00f1a es uno de los pa\u00edses m\u00e1s afectados de Europa. Oficialmente, desde que inici\u00f3 la pandemia, se han contagiado 98 mil 449 personas y han fallecido 33 mil 992.<\/p>\n\n\n\n<p>Fuente: Milenio<\/p>\n","protected":false},"excerpt":{"rendered":"<p>El ministro de Sanidad de Espa\u00f1a, Salvador Illa, confirm\u00f3 que el Gobierno no aprobar\u00e1 una pr\u00f3rroga del estado de alarma por el\u00a0coronavirus\u00a0en la comunidad de Madrid, zona que aglutina a la capital del pa\u00eds y donde se espera que la medida culmine el pr\u00f3ximo s\u00e1bado. La medida de estado de alarma refiere en Espa\u00f1a la<a class=\"read-more\" href=\"https:\/\/globalnewsmexico.com\/sitio\/espana-analiza-aplicar-toque-de-queda-en-zonas-afectadas-por-coronavirus\/\">Leer m\u00e1s<\/a><\/p>\n","protected":false},"author":5,"featured_media":55721,"comment_status":"closed","ping_status":"open","sticky":false,"template":"","format":"standard","meta":{"spay_email":"","footnotes":""},"categories":[37,8,48,52],"tags":[],"jetpack_featured_media_url":"https:\/\/i1.wp.com\/globalnewsmexico.com\/sitio\/wp-content\/uploads\/2020\/10\/tasa-infeccion-region-madrid-casos_174_77_887_552.jpg?fit=958%2C596&ssl=1","jetpack_sharing_enabled":true,"jetpack_shortlink":"https:\/\/wp.me\/p9yqPL-euI","jetpack_likes_enabled":true,"_links":{"self":[{"href":"https:\/\/globalnewsmexico.com\/sitio\/wp-json\/wp\/v2\/posts\/55720"}],"collection":[{"href":"https:\/\/globalnewsmexico.com\/sitio\/wp-json\/wp\/v2\/posts"}],"about":[{"href":"https:\/\/globalnewsmexico.com\/sitio\/wp-json\/wp\/v2\/types\/post"}],"author":[{"embeddable":true,"href":"https:\/\/globalnewsmexico.com\/sitio\/wp-json\/wp\/v2\/users\/5"}],"replies":[{"embeddable":true,"href":"https:\/\/globalnewsmexico.com\/sitio\/wp-json\/wp\/v2\/comments?post=55720"}],"version-history":[{"count":0,"href":"https:\/\/globalnewsmexico.com\/sitio\/wp-json\/wp\/v2\/posts\/55720\/revisions"}],"wp:featuredmedia":[{"embeddable":true,"href":"https:\/\/globalnewsmexico.com\/sitio\/wp-json\/wp\/v2\/media\/55721"}],"wp:attachment":[{"href":"https:\/\/globalnewsmexico.com\/sitio\/wp-json\/wp\/v2\/media?parent=55720"}],"wp:term":[{"taxonomy":"category","embeddable":true,"href":"https:\/\/globalnewsmexico.com\/sitio\/wp-json\/wp\/v2\/categories?post=55720"},{"taxonomy":"post_tag","embeddable":true,"href":"https:\/\/globalnewsmexico.com\/sitio\/wp-json\/wp\/v2\/tags?post=55720"}],"curies":[{"name":"wp","href":"https:\/\/api.w.org\/{rel}","templated":true}]}}