{"id":55750,"date":"2020-10-20T21:25:38","date_gmt":"2020-10-21T02:25:38","guid":{"rendered":"http:\/\/globalnewsmexico.com\/sitio\/?p=55750"},"modified":"2020-10-20T21:25:41","modified_gmt":"2020-10-21T02:25:41","slug":"pemex-despide-a-coordinador-de-rh-tras-reunirse-con-romero-deschamps","status":"publish","type":"post","link":"https:\/\/globalnewsmexico.com\/sitio\/pemex-despide-a-coordinador-de-rh-tras-reunirse-con-romero-deschamps\/","title":{"rendered":"Pemex despide a coordinador de RH tras reunirse con Romero Deschamps"},"content":{"rendered":"\n<p>Petr\u00f3leos Mexicanos\u00a0(Pemex) inform\u00f3 que concluy\u00f3 la relaci\u00f3n laboral como titular de la Coordinaci\u00f3n de Relaciones Laborales y Recursos Humanos de la empresa,\u00a0Alejandro Cabrera Fern\u00e1ndez, despu\u00e9s de darse a conocer un v\u00eddeo de una reuni\u00f3n con exdirectores y exl\u00edderes sindicales.<\/p>\n\n\n\n<p>De acuerdo con lo presentado en la\u00a0conferencia matutina de hoy, se observa en un restaurante de la Ciudad de M\u00e9xico a Carlos Antonio Romero Deschamps, al diputado federal y secretario del Interior, Actas y Acuerdos, Manuel Lim\u00f3n Hern\u00e1ndez, as\u00ed como a Fernando Navarrete P\u00e9rez,\u00a0presidente del Consejo General de Vigilancia del Comit\u00e9 Ejecutivo General del del Sindicato de Trabajadores Petroleros de la Rep\u00fablica Mexicana,\u00a0y\u00a0Alejandro Cabrera Fern\u00e1ndez.<\/p>\n\n\n\n<p>En un comunicado,\u00a0Pemex\u00a0inform\u00f3 que una vez que se conoci\u00f3 el video de referencia (15 de octubre del a\u00f1o en curso), el trabajador Alejandro Cabrera Fern\u00e1ndez dej\u00f3 de estar en funciones y,\u00a0despu\u00e9s del an\u00e1lisis del caso, concluy\u00f3 la relaci\u00f3n laboral.<\/p>\n\n\n\n<p>\u00abLa empresa productiva del Estado considera que el actuar de la persona mencionada, unilateral y sin el conocimiento y mucho menos autorizaci\u00f3n de sus superiores jer\u00e1rquicos, se apart\u00f3 de los principios \u00e9ticos que rigen a\u00a0Pemex\u201d.<\/p>\n\n\n\n<p>A\u00f1adi\u00f3 que como\u00a0responsable de las relaciones laborales\u00a0y\u00a0recursos humanos\u00a0de la petrolera, toda actividad relacionada con su cargo debe ser atendida dentro de sus instalaciones, por lo que se considera que no hay justificaci\u00f3n para realizar reuniones fuera de las mismas en horario laboral con exdirectivos y exl\u00edderes sindicales sin relaci\u00f3n laboral con la empresa.<\/p>\n\n\n\n<figure class=\"wp-block-embed-twitter aligncenter wp-block-embed is-type-rich is-provider-twitter\"><div class=\"wp-block-embed__wrapper\">\n<blockquote class=\"twitter-tweet\" data-width=\"550\" data-dnt=\"true\"><p lang=\"es\" dir=\"ltr\">\ud83d\udccc Concluye <a href=\"https:\/\/twitter.com\/hashtag\/PEMEX?src=hash&amp;ref_src=twsrc%5Etfw\">#PEMEX<\/a> relaci\u00f3n laboral con Alejandro Cabrera Fern\u00e1ndez.<a href=\"https:\/\/t.co\/ag637JtDev\">https:\/\/t.co\/ag637JtDev<\/a> <a href=\"https:\/\/t.co\/GYE8GrYPsB\">pic.twitter.com\/GYE8GrYPsB<\/a><\/p>&mdash; Petr\u00f3leos Mexicanos (@Pemex) <a href=\"https:\/\/twitter.com\/Pemex\/status\/1318718184325705735?ref_src=twsrc%5Etfw\">October 21, 2020<\/a><\/blockquote><script async src=\"https:\/\/platform.twitter.com\/widgets.js\" charset=\"utf-8\"><\/script>\n<\/div><\/figure>\n\n\n\n<p>Fuente: Milenio<\/p>\n","protected":false},"excerpt":{"rendered":"<p>Petr\u00f3leos Mexicanos\u00a0(Pemex) inform\u00f3 que concluy\u00f3 la relaci\u00f3n laboral como titular de la Coordinaci\u00f3n de Relaciones Laborales y Recursos Humanos de la empresa,\u00a0Alejandro Cabrera Fern\u00e1ndez, despu\u00e9s de darse a conocer un v\u00eddeo de una reuni\u00f3n con exdirectores y exl\u00edderes sindicales. De acuerdo con lo presentado en la\u00a0conferencia matutina de hoy, se observa en un restaurante de<a class=\"read-more\" href=\"https:\/\/globalnewsmexico.com\/sitio\/pemex-despide-a-coordinador-de-rh-tras-reunirse-con-romero-deschamps\/\">Leer m\u00e1s<\/a><\/p>\n","protected":false},"author":5,"featured_media":55751,"comment_status":"closed","ping_status":"open","sticky":false,"template":"","format":"standard","meta":{"spay_email":"","footnotes":""},"categories":[37,8,39,52],"tags":[],"jetpack_featured_media_url":"https:\/\/i2.wp.com\/globalnewsmexico.com\/sitio\/wp-content\/uploads\/2020\/10\/el-centro-administrativo-de-pemex_0_32_728_453.jpg?fit=958%2C596&ssl=1","jetpack_sharing_enabled":true,"jetpack_shortlink":"https:\/\/wp.me\/p9yqPL-evc","jetpack_likes_enabled":true,"_links":{"self":[{"href":"https:\/\/globalnewsmexico.com\/sitio\/wp-json\/wp\/v2\/posts\/55750"}],"collection":[{"href":"https:\/\/globalnewsmexico.com\/sitio\/wp-json\/wp\/v2\/posts"}],"about":[{"href":"https:\/\/globalnewsmexico.com\/sitio\/wp-json\/wp\/v2\/types\/post"}],"author":[{"embeddable":true,"href":"https:\/\/globalnewsmexico.com\/sitio\/wp-json\/wp\/v2\/users\/5"}],"replies":[{"embeddable":true,"href":"https:\/\/globalnewsmexico.com\/sitio\/wp-json\/wp\/v2\/comments?post=55750"}],"version-history":[{"count":0,"href":"https:\/\/globalnewsmexico.com\/sitio\/wp-json\/wp\/v2\/posts\/55750\/revisions"}],"wp:featuredmedia":[{"embeddable":true,"href":"https:\/\/globalnewsmexico.com\/sitio\/wp-json\/wp\/v2\/media\/55751"}],"wp:attachment":[{"href":"https:\/\/globalnewsmexico.com\/sitio\/wp-json\/wp\/v2\/media?parent=55750"}],"wp:term":[{"taxonomy":"category","embeddable":true,"href":"https:\/\/globalnewsmexico.com\/sitio\/wp-json\/wp\/v2\/categories?post=55750"},{"taxonomy":"post_tag","embeddable":true,"href":"https:\/\/globalnewsmexico.com\/sitio\/wp-json\/wp\/v2\/tags?post=55750"}],"curies":[{"name":"wp","href":"https:\/\/api.w.org\/{rel}","templated":true}]}}