{"id":55777,"date":"2020-10-21T11:34:41","date_gmt":"2020-10-21T16:34:41","guid":{"rendered":"http:\/\/globalnewsmexico.com\/sitio\/?p=55777"},"modified":"2020-10-21T11:34:50","modified_gmt":"2020-10-21T16:34:50","slug":"papa-francisco-respalda-union-civil-entre-personas-del-mismo-sexo","status":"publish","type":"post","link":"https:\/\/globalnewsmexico.com\/sitio\/papa-francisco-respalda-union-civil-entre-personas-del-mismo-sexo\/","title":{"rendered":"Papa Francisco respalda uni\u00f3n civil entre personas del mismo sexo"},"content":{"rendered":"\n<p>El\u00a0papa Francisco expres\u00f3 su apoyo a uniones civiles entre personas del mismo sexo, lo que se enmarca como uno de los respaldos m\u00e1s claros de un l\u00edder de la Iglesia Cat\u00f3lica ante parejas homosexuales y el derecho a conformar una familia.<\/p>\n\n\n\n<p>La declaraci\u00f3n del papa qued\u00f3 manifiesta en el documental\u00a0<em>Francesco<\/em>, dirigido por Evgeny Afineevsky, el cual fue estrenado hoy.<\/p>\n\n\n\n<p>\u00abLa\u00a0gente homosexual tiene derecho a estar en una familia. Son hijos de Dios y tienen derecho a una familia. Nadie deber\u00eda ser expulsado o sentirse miserable por ello\u00bb, afirm\u00f3.<\/p>\n\n\n\n<p>Y sostuvo: \u00abLo que tenemos que crear es una ley de uni\u00f3n civil. De esa manera est\u00e1n cubiertos legalmente. Yo defend\u00ed eso\u00bb.<\/p>\n\n\n\n<p>Fuente: Agencias<\/p>\n","protected":false},"excerpt":{"rendered":"<p>El\u00a0papa Francisco expres\u00f3 su apoyo a uniones civiles entre personas del mismo sexo, lo que se enmarca como uno de los respaldos m\u00e1s claros de un l\u00edder de la Iglesia Cat\u00f3lica ante parejas homosexuales y el derecho a conformar una familia. La declaraci\u00f3n del papa qued\u00f3 manifiesta en el documental\u00a0Francesco, dirigido por Evgeny Afineevsky, el<a class=\"read-more\" href=\"https:\/\/globalnewsmexico.com\/sitio\/papa-francisco-respalda-union-civil-entre-personas-del-mismo-sexo\/\">Leer m\u00e1s<\/a><\/p>\n","protected":false},"author":5,"featured_media":55778,"comment_status":"closed","ping_status":"open","sticky":false,"template":"","format":"standard","meta":{"spay_email":"","footnotes":""},"categories":[37,8,48,52],"tags":[],"jetpack_featured_media_url":"https:\/\/i1.wp.com\/globalnewsmexico.com\/sitio\/wp-content\/uploads\/2020\/10\/papa-francisco-respalda-union-civil.jpg?fit=958%2C596&ssl=1","jetpack_sharing_enabled":true,"jetpack_shortlink":"https:\/\/wp.me\/p9yqPL-evD","jetpack_likes_enabled":true,"_links":{"self":[{"href":"https:\/\/globalnewsmexico.com\/sitio\/wp-json\/wp\/v2\/posts\/55777"}],"collection":[{"href":"https:\/\/globalnewsmexico.com\/sitio\/wp-json\/wp\/v2\/posts"}],"about":[{"href":"https:\/\/globalnewsmexico.com\/sitio\/wp-json\/wp\/v2\/types\/post"}],"author":[{"embeddable":true,"href":"https:\/\/globalnewsmexico.com\/sitio\/wp-json\/wp\/v2\/users\/5"}],"replies":[{"embeddable":true,"href":"https:\/\/globalnewsmexico.com\/sitio\/wp-json\/wp\/v2\/comments?post=55777"}],"version-history":[{"count":0,"href":"https:\/\/globalnewsmexico.com\/sitio\/wp-json\/wp\/v2\/posts\/55777\/revisions"}],"wp:featuredmedia":[{"embeddable":true,"href":"https:\/\/globalnewsmexico.com\/sitio\/wp-json\/wp\/v2\/media\/55778"}],"wp:attachment":[{"href":"https:\/\/globalnewsmexico.com\/sitio\/wp-json\/wp\/v2\/media?parent=55777"}],"wp:term":[{"taxonomy":"category","embeddable":true,"href":"https:\/\/globalnewsmexico.com\/sitio\/wp-json\/wp\/v2\/categories?post=55777"},{"taxonomy":"post_tag","embeddable":true,"href":"https:\/\/globalnewsmexico.com\/sitio\/wp-json\/wp\/v2\/tags?post=55777"}],"curies":[{"name":"wp","href":"https:\/\/api.w.org\/{rel}","templated":true}]}}